{"id":622,"date":"2010-11-26T11:31:00","date_gmt":"2010-11-26T11:31:00","guid":{"rendered":"http:\/\/www.toque-musicall.com\/?p=622"},"modified":"2010-11-26T11:31:00","modified_gmt":"2010-11-26T11:31:00","slug":"arthur-moreira-lima-abel-ferreira-e-conjunto-epoca-de-ouro-chorando-baixinho-ao-vivo-1978","status":"publish","type":"post","link":"https:\/\/www.toque-musicall.com\/?p=622","title":{"rendered":"Arthur Moreira Lima, Abel Ferreira E Conjunto \u00c9poca De Ouro &#8211; Chorando Baixinho &#8211; Ao Vivo (1978)"},"content":{"rendered":"<div align=\"left\"><a href=\"http:\/\/1.bp.blogspot.com\/_DSKVEvHtskc\/TO-bcKevTSI\/AAAAAAAAHXQ\/QPP0hcAeba0\/s1600\/capa+P.JPG\"><img decoding=\"async\" style=\"TEXT-ALIGN: center; MARGIN: 0px auto 10px; WIDTH: 400px; DISPLAY: block; HEIGHT: 399px; CURSOR: hand\" id=\"BLOGGER_PHOTO_ID_5543820574468295970\" border=\"0\" alt=\"\" src=\"http:\/\/1.bp.blogspot.com\/_DSKVEvHtskc\/TO-bcKevTSI\/AAAAAAAAHXQ\/QPP0hcAeba0\/s400\/capa+P.JPG\" \/><\/a>Ol\u00e1! Estou me sentido como uma onda, oscilando entre momentos bons e ruins. Alguns diriam que \u00e9 natural, a vida \u00e9 assim mesmo. Eu concordo, mas acho que as vezes essas ondas seguem uma sequ\u00eancia muito pr\u00f3xima e de uma certa forma elas se confundem ou nos d\u00e3o uma sensa\u00e7\u00e3o h\u00edbrida, a gente n\u00e3o sabe nem definir a hora de estar alegre ou triste. \u00c9 mais ou menos assim que eu estou me sentindo.<\/div>\n<div align=\"left\">Aproveitando os meus momentos de choro, deixa eu ver aqui se consigo mudar o sentido da express\u00e3o e transformar todo mal estar em um pouco de acalento. Vou chorar baixinho, mas desta vez com o Conjunto \u00c9poca de Ouro, Arthur Moreira Lima e Abel Ferreira. Este disco foi gravado ao vivo no Teatro do Hotel Nacional em outubro de 1978. Na \u00e9poca, ele foi produzido no intuito de ser um disco brinde comemorativo de anivers\u00e1rio da empresa de engenharia Servenco. Mas o disco ficou t\u00e3o bom que a extinta Kuarup resolveu lan\u00e7\u00e1-lo comercialmente no ano seguinte. Este disco tamb\u00e9m, pode-se dizer, foi um sonho realizado do pianista Arthur Moreira Lima. Ele havia voltado recentemente da Europa, sedento de Brasil e da m\u00fasica brasileira. Manifestou o desejo de gravar m\u00fasica popular, tocar com um grupo de choro. Chegou at\u00e9 a dar nomes aos bois. Pouco mais de uma semana seu sonho se realizou, l\u00e1 estava ele se apresentando ao vivo com os &#8216;medalh\u00f5es&#8217; do choro. Este \u00e1lbum foi depois relan\u00e7ado pela pr\u00f3pria gravadora\/selo em formato cd com algumas faixas extras. Como a Kuarup fechou as portas, imagino que encontrar este disco s\u00f3 mesmo em sebos ou nos blogs. Confiram aqui se ainda n\u00e3o o encontrou por a\u00ed&#8230; \ud83d\ude42<\/div>\n<div align=\"left\"> <\/div>\n<div align=\"center\">fon fon<\/div>\n<div align=\"center\">turbilh\u00e3o de beijos<\/div>\n<div align=\"center\">alvorada<\/div>\n<div align=\"center\">batuque<\/div>\n<div align=\"center\">sai da frente<\/div>\n<div align=\"center\">carinhoso<\/div>\n<div align=\"center\">impress\u00f5es<\/div>\n<div align=\"center\">choro de m\u00e3e<\/div>\n<div align=\"center\">chorando baixinho<\/div>\n<div align=\"center\">quebradinha<\/div>\n<div align=\"center\">apanhei-te cavaquinho<\/div>\n<div align=\"center\"> <\/div>\n<div align=\"center\"><em>b\u00f4nus inclu\u00eddo:<\/em><\/div>\n<div align=\"center\">sonoroso<\/div>\n<div align=\"center\">duvidoso<\/div>\n<div align=\"center\"> <\/div>\n<div align=\"center\"> <\/div>\n","protected":false},"excerpt":{"rendered":"<p>Ol\u00e1! Estou me sentido como uma onda, oscilando entre momentos bons e ruins. Alguns diriam que \u00e9 natural, a vida \u00e9 assim mesmo. Eu concordo, mas acho que as vezes essas ondas seguem uma sequ\u00eancia muito pr\u00f3xima e de uma &hellip; <a href=\"https:\/\/www.toque-musicall.com\/?p=622\">Continue lendo <span class=\"meta-nav\">&rarr;<\/span><\/a><\/p>\n","protected":false},"author":1,"featured_media":0,"comment_status":"open","ping_status":"closed","sticky":false,"template":"","format":"standard","meta":{"footnotes":""},"categories":[125,912,921,923,791,922],"tags":[],"class_list":["post-622","post","type-post","status-publish","format-standard","hentry","category-abel-ferreira","category-arthur-moreira-lima","category-conjunto-epoca-de-ouro","category-copinha","category-joel-nascimento","category-ze-da-velha"],"_links":{"self":[{"href":"https:\/\/www.toque-musicall.com\/index.php?rest_route=\/wp\/v2\/posts\/622","targetHints":{"allow":["GET"]}}],"collection":[{"href":"https:\/\/www.toque-musicall.com\/index.php?rest_route=\/wp\/v2\/posts"}],"about":[{"href":"https:\/\/www.toque-musicall.com\/index.php?rest_route=\/wp\/v2\/types\/post"}],"author":[{"embeddable":true,"href":"https:\/\/www.toque-musicall.com\/index.php?rest_route=\/wp\/v2\/users\/1"}],"replies":[{"embeddable":true,"href":"https:\/\/www.toque-musicall.com\/index.php?rest_route=%2Fwp%2Fv2%2Fcomments&post=622"}],"version-history":[{"count":0,"href":"https:\/\/www.toque-musicall.com\/index.php?rest_route=\/wp\/v2\/posts\/622\/revisions"}],"wp:attachment":[{"href":"https:\/\/www.toque-musicall.com\/index.php?rest_route=%2Fwp%2Fv2%2Fmedia&parent=622"}],"wp:term":[{"taxonomy":"category","embeddable":true,"href":"https:\/\/www.toque-musicall.com\/index.php?rest_route=%2Fwp%2Fv2%2Fcategories&post=622"},{"taxonomy":"post_tag","embeddable":true,"href":"https:\/\/www.toque-musicall.com\/index.php?rest_route=%2Fwp%2Fv2%2Ftags&post=622"}],"curies":[{"name":"wp","href":"https:\/\/api.w.org\/{rel}","templated":true}]}}