{"id":623,"date":"2010-11-25T08:30:00","date_gmt":"2010-11-25T08:30:00","guid":{"rendered":"http:\/\/www.toque-musicall.com\/?p=623"},"modified":"2010-11-25T08:30:00","modified_gmt":"2010-11-25T08:30:00","slug":"travessia-o-canto-dos-mineiros-1981","status":"publish","type":"post","link":"https:\/\/www.toque-musicall.com\/?p=623","title":{"rendered":"Travessia &#8211; O Canto Dos Mineiros (1981)"},"content":{"rendered":"<p><a href=\"http:\/\/3.bp.blogspot.com\/_DSKVEvHtskc\/TO4fIlUYCJI\/AAAAAAAAHXE\/ACau8FjTTZg\/s1600\/travessia+P.JPG\"><img decoding=\"async\" style=\"TEXT-ALIGN: center; MARGIN: 0px auto 10px; WIDTH: 400px; DISPLAY: block; HEIGHT: 395px; CURSOR: hand\" id=\"BLOGGER_PHOTO_ID_5543402423656646802\" border=\"0\" alt=\"\" src=\"http:\/\/3.bp.blogspot.com\/_DSKVEvHtskc\/TO4fIlUYCJI\/AAAAAAAAHXE\/ACau8FjTTZg\/s400\/travessia+P.JPG\" \/><\/a> Bom dia, amigos cultos e ocultos. A escolha do disco de hoje, al\u00e9m do fato de ser um \u00e1lbum independente, tem muito a ver com o seu t\u00edtulo, o nome do disco, &#8220;Travessia&#8221;. Pensei nele n\u00e3o por qualquer liga\u00e7\u00e3o com Milton Nascimento, Clube da Esquina ou outra &#8216;mineiridade&#8217;. &#8220;Travessia&#8221; veio em seu sentido literal, quer dizer, naquilo que a express\u00e3o realmente significa: transposi\u00e7\u00e3o de um ponto ao outro. Nesse sentido, eu me refiro tamb\u00e9m \u00e0 passagem. E hoje a &#8220;passagem&#8221; ou &#8220;travessia&#8221; poder\u00e1 estar acontecendo. Talvez o dia amanh\u00e3 seja mais triste. Se eu n\u00e3o aparecer por aqui, podem ter certeza que estarei nessa hora chorando, num misto de tristeza e de al\u00edvio por ter presenciado por tantos anos o sofrimento de uma pessoa querida. A dor do outro que tamb\u00e9m d\u00f3i na gente chama-se sentimento. Desculpem por essa introdu\u00e7\u00e3o, mas h\u00e1 momentos em que eu n\u00e3o consigo separar o Augusto TM, do autor do blog. As vezes aflora mais um lado do que o outro e eu acabo confundindo a cabe\u00e7a dos meus leitores. O fato \u00e9 que esta postagem eu dedico \u00e0 minha tia-m\u00e3e querida, que j\u00e1 bem idosa e muito debilitada, hoje passar\u00e1 por um processo cir\u00fargico bastante complicado. Rezo para que Deus interceda e acompanhe a sua travessia.<br \/>Bom, deixa eu enxugar as l\u00e1grimas e buscar um alento. Falando um pouco do disco &#8220;Travessia &#8211; O canto dos mineiros&#8221;, este \u00e1lbum nasceu de um projeto realizado no final dos anos 70, uma esp\u00e9cie de festival estadual de m\u00fasica, ou melhor, 430 m\u00fasicas de v\u00e1rias regi\u00f5es de Minas inscritas no projeto, das quais foram selecionadas 25 e dessas, 12 finalistas que vieram a ser apresentadas em show no Pal\u00e1cio das Artes e inclu\u00eddas no presente lp. Ao que tudo indica, acabou acontecendo uma parceria da Funda\u00e7\u00e3o Cl\u00f3vis Salgado (que foi quem promoveu a a\u00e7\u00e3o) com a Fiat Autom\u00f3veis de Betim. O disco s\u00f3 saiu gra\u00e7as ao apoio promocional da Fiat e um ano depois quando a f\u00e1brica j\u00e1 completava cinco anos no Brasil. O \u00e1lbum &#8220;Travessia&#8221; teve a dire\u00e7\u00e3o art\u00edstica de C\u00e9lio Balona e a produ\u00e7\u00e3o musical por conta do Nivaldo Ornelas. Participam do disco alguns dos nomes mais importantes da m\u00fasica mineira, tendo na cozinha o grupo de cordas da Orquestra Sinf\u00f4nica de Minas Gerais, gente como Marcus Viana, Marco Antonio Ara\u00fajo, Yuri Popoff e outros n\u00e3o menos importantes. Este \u00e1lbum, important\u00edssimo na hist\u00f3ria da m\u00fasica popular em Minas, at\u00e9 hoje n\u00e3o teve seu relan\u00e7amento em vers\u00e3o digital. Trata-se por tanto de um disco raro. E tamb\u00e9m muito bonito, podem acreditar!<\/p>\n<div align=\"center\">sagrado cora\u00e7\u00e3o &#8211; sagrado cora\u00e7\u00e3o da terra<\/div>\n<div align=\"center\">gaiola &#8211; ladston nascimento<\/div>\n<div align=\"center\">lua virada &#8211; alexandre sales<\/div>\n<div align=\"center\">travessura &#8211; mel\u00e3o<\/div>\n<div align=\"center\">forr\u00f3 poss\u00edvel &#8211; lery faria jr<\/div>\n<div align=\"center\">viol\u00e3o n\u00e3o \u00e9 solu\u00e7\u00e3o &#8211; aldo junior<\/div>\n<div align=\"center\">cora\u00e7\u00e3o bendito &#8211; haroldo anuncia\u00e7\u00e3o<\/div>\n<div align=\"center\">quem dera &#8211; junia horta<\/div>\n<div align=\"center\">canto mineiro &#8211; fl\u00e1vio do carmo<\/div>\n<div align=\"center\">primavera &#8211; grupo mambembe<\/div>\n<div align=\"center\">estrada a fora &#8211; grupo ra\u00edzes<\/div>\n<div align=\"center\">mineirinha &#8211; selma mar\u00e7al<\/div>\n<div align=\"center\"> <\/div>\n<div align=\"center\"> <\/div>\n","protected":false},"excerpt":{"rendered":"<p>Bom dia, amigos cultos e ocultos. A escolha do disco de hoje, al\u00e9m do fato de ser um \u00e1lbum independente, tem muito a ver com o seu t\u00edtulo, o nome do disco, &#8220;Travessia&#8221;. Pensei nele n\u00e3o por qualquer liga\u00e7\u00e3o com &hellip; <a href=\"https:\/\/www.toque-musicall.com\/?p=623\">Continue lendo <span class=\"meta-nav\">&rarr;<\/span><\/a><\/p>\n","protected":false},"author":1,"featured_media":0,"comment_status":"open","ping_status":"closed","sticky":false,"template":"","format":"standard","meta":{"footnotes":""},"categories":[927,928,924,472,310,926,929,925,930],"tags":[],"class_list":["post-623","post","type-post","status-publish","format-standard","hentry","category-alexandre-sales","category-grupo-mambembe","category-grupo-raizes","category-junia-horta","category-ladston-do-nascimento","category-leri-faria-jr","category-melao","category-sagraddo-coracao-da-terra","category-travessia"],"_links":{"self":[{"href":"https:\/\/www.toque-musicall.com\/index.php?rest_route=\/wp\/v2\/posts\/623","targetHints":{"allow":["GET"]}}],"collection":[{"href":"https:\/\/www.toque-musicall.com\/index.php?rest_route=\/wp\/v2\/posts"}],"about":[{"href":"https:\/\/www.toque-musicall.com\/index.php?rest_route=\/wp\/v2\/types\/post"}],"author":[{"embeddable":true,"href":"https:\/\/www.toque-musicall.com\/index.php?rest_route=\/wp\/v2\/users\/1"}],"replies":[{"embeddable":true,"href":"https:\/\/www.toque-musicall.com\/index.php?rest_route=%2Fwp%2Fv2%2Fcomments&post=623"}],"version-history":[{"count":0,"href":"https:\/\/www.toque-musicall.com\/index.php?rest_route=\/wp\/v2\/posts\/623\/revisions"}],"wp:attachment":[{"href":"https:\/\/www.toque-musicall.com\/index.php?rest_route=%2Fwp%2Fv2%2Fmedia&parent=623"}],"wp:term":[{"taxonomy":"category","embeddable":true,"href":"https:\/\/www.toque-musicall.com\/index.php?rest_route=%2Fwp%2Fv2%2Fcategories&post=623"},{"taxonomy":"post_tag","embeddable":true,"href":"https:\/\/www.toque-musicall.com\/index.php?rest_route=%2Fwp%2Fv2%2Ftags&post=623"}],"curies":[{"name":"wp","href":"https:\/\/api.w.org\/{rel}","templated":true}]}}