{"id":6237,"date":"2017-09-29T22:48:46","date_gmt":"2017-09-30T01:48:46","guid":{"rendered":"http:\/\/www.toque-musicall.com\/?p=6237"},"modified":"2017-10-02T22:55:12","modified_gmt":"2017-10-03T01:55:12","slug":"gastao-formenti-os-grandes-sucessos-1962","status":"publish","type":"post","link":"https:\/\/www.toque-musicall.com\/?p=6237","title":{"rendered":"Gast\u00e3o Formenti &#8211; Os Grandes Sucessos (1962)"},"content":{"rendered":"<p><img loading=\"lazy\" decoding=\"async\" class=\"aligncenter size-large\" src=\"https:\/\/4.bp.blogspot.com\/-tDBaLSUl5ck\/WdLpbqU37wI\/AAAAAAAAOds\/bdD5_YHkkJsPK-yWgrfVSgJARPY5hGkmwCEwYBhgL\/s640\/capap.JPG\" width=\"640\" height=\"638\" \/><img loading=\"lazy\" decoding=\"async\" class=\"aligncenter size-large\" src=\"https:\/\/2.bp.blogspot.com\/-vIckpaROCtc\/WdLpazuGggI\/AAAAAAAAOdo\/Sq1bZZ-iuM84AqwyujNqay9k0UeHumzggCEwYBhgL\/s640\/contrap.JPG\" width=\"637\" height=\"640\" \/><\/p>\n<p>Hoje, o TM oferece a seus amigos cultos e ocultos um LP que a RCA (selo Camden) lan\u00e7ou em 1962, reunindo doze sucessos de um dos maiores expoentes da MPB\u00a0 nos prim\u00f3rdios da era do r\u00e1dio. Estamos falando de Gast\u00e3o Formenti. Foi em Guaratinguet\u00e1, SP, no dia 24 de junho de 1894, que ele veio ao mundo, filho do italiano Cesare Alessandro Formenti, pintor, decorador e cantor l\u00edrico amador, e da escultora Sara Formenti. \u00a0Aos nove anos de idade, come\u00e7ou a estudar pintura com seu pai, artista decorador de mans\u00f5es e igrejas, e com Pedro Strina. Em 1895, a fam\u00edlia se transfere para S\u00e3o Paulo. Gast\u00e3o fez o prim\u00e1rio na Escola Fiorette Fondacari, na capital bandeirante, e o secund\u00e1rio no Gin\u00e1sio S\u00e3o Bento, no Rio de Janeiro, para onde sua fam\u00edlia se mudou em 1910. Nessa ocasi\u00e3o, passa a trabalhar na firma do pai, pintando vitrais, frisos e pain\u00e9is. Em sua casa tudo era prop\u00edcio \u00e0 arte, inclusive ao bel-canto.\u00a0 Em 1927, j\u00e1 casado com Ot\u00edlia de Oliveira, em visita \u00e0 pioneira R\u00e1dio Sociedade do Rio de Janeiro, de surpresa, surge uma oportunidade para nosso Gast\u00e3o cantar. A aprova\u00e7\u00e3o dos ouvintes determinaria o in\u00edcio de sua carreira. Logo em seguida, vem a ser um dos primeiros cantores a serem contratados pela Odeon, na nova fase da grava\u00e7\u00e3o el\u00e9trica. Em novembro de 1927, a \u201cmarca do templo\u201d lan\u00e7a o primeiro disco de Gast\u00e3o Formenti, apresentando a can\u00e7\u00e3o sertaneja \u201cAnoitecer\u201d e o tango sertanejo \u201cCabocla apaixonada\u201d. Foi o pontap\u00e9 inicial para in\u00fameros sucessos, sempre permanecendo no primeiro patamar da admira\u00e7\u00e3o e do respeito do p\u00fablico: \u201cTutu Maramb\u00e1\u201d, \u201cCasa de caboclo\u201d, \u201cSussuarana\u201d, \u201cNh\u00e1 Maria\u201d, \u201cNhapop\u00e9\u201d, \u201cBoca pintada\u201d, \u201cLua branca\u201d, \u201cGl\u00f3ria\u201d,\u00a0 \u201cSabi\u00e1 mimoso\u201d, \u201cMaring\u00e1\u201d, \u201cDe papo pro \u00e1\u201d, \u201cZ\u00edngara\u201d, \u201cJoia falsa\u201d, \u201cBoi bumb\u00e1\u201d, \u201cCobra grande\u201d, \u201cSamba da saudade\u201d, \u201cJangadeiro do Norte\u201d, \u201cRetalhos d\u2019alma\u201d, \u201cMoleque sarar\u00e1\u201d, \u201cEternamente\u201d, \u201cFolhas ao vento\u201d, \u201cMaria Ful\u00f4\u201d e outros mais, al\u00e9m dos inclu\u00eddos no presente \u00e1lbum. No r\u00e1dio, atuou na Mayrink Veiga e na Transmissora, ambas do Rio. Talvez seja o int\u00e9rprete de mais t\u00e9cnica que tivemos, sem, todavia, deixar de lado a emo\u00e7\u00e3o. Em 1941, Gast\u00e3o Formenti praticamente encerra a carreira, que sempre conduziu mais pelo amor \u00e0 arte. Seria, da\u00ed por diante, somente o pintor de quadros a \u00f3leo, que nunca deixou de ser, de talento consagrado por v\u00e1rios pr\u00eamios. Voltaria ao disco em ocasi\u00f5es espor\u00e1dicas, inclusive lan\u00e7ando, em 1959, pela RCA Victor, seu \u00fanico LP-solo, \u201cQuadros musicais\u201d, no qual regravou alguns de seus maiores sucessos, ainda com a mesma voz de antes. Ap\u00f3s esse vinil, Formenti retirou-se definitivamente da vida musical, e faleceria em 28 de maio de 1974, no Rio de Janeiro, um m\u00eas antes de completar 80 anos de idade. Em 78 rpm, Gast\u00e3o Formenti registrou um total de 153 discos com 299 m\u00fasicas. Este \u00e1lbum oferecido hoje pelo TM, com o orgulho e a satisfa\u00e7\u00e3o costumeiros (postagem, ali\u00e1s, solicitada pessoalmente por este vosso resenhista), tem doze preciosas faixas, gravadas na antiga Victor entre 1931 e 1937, e recuperadas tecnicamente ap\u00f3s paciente trabalho de laborat\u00f3rio. \u00c9 um repert\u00f3rio brasileir\u00edssimo e de excelente qualidade, do qual podemos destacar \u201cFoi boto, Sinh\u00e1\u201d, \u201cTem pena do n\u00eago\u201d (ambas da dupla Waldemar Henrique-Ant\u00f4nio Tavernard), \u201cUm agradinho \u00e9 bom\u201d (tema popular adaptado pelo mestre Almirante), \u201cCora\u00e7\u00e3o, por que solu\u00e7as?\u201d (bela valsa de Jos\u00e9 Maria de Abreu e Saint-Clair Senna), \u201cPai Jo\u00e3o\u201d (toada de Almirante e Luiz Peixoto) e \u201cNa Serra da Mantiqueira\u201d, cl\u00e1ssico de Ary Kerner, que faz refer\u00eancia ao movimento constitucionalista de 1932, acontecido em S\u00e3o Paulo.\u00a0 Em suma, um disco de valor hist\u00f3rico inestim\u00e1vel, imprescind\u00edvel nos acervos de quem aprecia o melhor de nossa m\u00fasica popular.\u00a0<a href=\"https:\/\/www.blogger.com\/null\" name=\"_GoBack\"><\/a><\/p>\n<div style=\"text-align: center;\">foi b\u00f4to, sinh\u00e1<\/div>\n<div style=\"text-align: center;\">o segredo dos teus olhos<\/div>\n<div style=\"text-align: center;\">um agradinho \u00e9 bom<\/div>\n<div style=\"text-align: center;\">tem pena do n\u00eago<\/div>\n<div style=\"text-align: center;\">azul\u00e3o<\/div>\n<div style=\"text-align: center;\">cora\u00e7\u00e3o, porque solu\u00e7as?<\/div>\n<div style=\"text-align: center;\">no baile de m\u00e1scaras<\/div>\n<div style=\"text-align: center;\">pai jo\u00e3o<\/div>\n<div style=\"text-align: center;\">teu olhar<\/div>\n<div style=\"text-align: center;\">alma do sert\u00e3o<\/div>\n<div style=\"text-align: center;\">para a ventura imensa de te amar<\/div>\n<div style=\"text-align: center;\">na serra da mantiqueira<\/div>\n<div><\/div>\n<div><\/div>\n<div>*Texto de Samuel Machado Filho<\/div>\n","protected":false},"excerpt":{"rendered":"<p>Hoje, o TM oferece a seus amigos cultos e ocultos um LP que a RCA (selo Camden) lan\u00e7ou em 1962, reunindo doze sucessos de um dos maiores expoentes da MPB\u00a0 nos prim\u00f3rdios da era do r\u00e1dio. Estamos falando de Gast\u00e3o &hellip; <a href=\"https:\/\/www.toque-musicall.com\/?p=6237\">Continue lendo <span class=\"meta-nav\">&rarr;<\/span><\/a><\/p>\n","protected":false},"author":1,"featured_media":0,"comment_status":"open","ping_status":"closed","sticky":false,"template":"","format":"standard","meta":{"footnotes":""},"categories":[1630,277],"tags":[],"class_list":["post-6237","post","type-post","status-publish","format-standard","hentry","category-gastao-formenti","category-selo-rca-camden"],"_links":{"self":[{"href":"https:\/\/www.toque-musicall.com\/index.php?rest_route=\/wp\/v2\/posts\/6237","targetHints":{"allow":["GET"]}}],"collection":[{"href":"https:\/\/www.toque-musicall.com\/index.php?rest_route=\/wp\/v2\/posts"}],"about":[{"href":"https:\/\/www.toque-musicall.com\/index.php?rest_route=\/wp\/v2\/types\/post"}],"author":[{"embeddable":true,"href":"https:\/\/www.toque-musicall.com\/index.php?rest_route=\/wp\/v2\/users\/1"}],"replies":[{"embeddable":true,"href":"https:\/\/www.toque-musicall.com\/index.php?rest_route=%2Fwp%2Fv2%2Fcomments&post=6237"}],"version-history":[{"count":1,"href":"https:\/\/www.toque-musicall.com\/index.php?rest_route=\/wp\/v2\/posts\/6237\/revisions"}],"predecessor-version":[{"id":6238,"href":"https:\/\/www.toque-musicall.com\/index.php?rest_route=\/wp\/v2\/posts\/6237\/revisions\/6238"}],"wp:attachment":[{"href":"https:\/\/www.toque-musicall.com\/index.php?rest_route=%2Fwp%2Fv2%2Fmedia&parent=6237"}],"wp:term":[{"taxonomy":"category","embeddable":true,"href":"https:\/\/www.toque-musicall.com\/index.php?rest_route=%2Fwp%2Fv2%2Fcategories&post=6237"},{"taxonomy":"post_tag","embeddable":true,"href":"https:\/\/www.toque-musicall.com\/index.php?rest_route=%2Fwp%2Fv2%2Ftags&post=6237"}],"curies":[{"name":"wp","href":"https:\/\/api.w.org\/{rel}","templated":true}]}}