{"id":624,"date":"2010-11-24T10:04:00","date_gmt":"2010-11-24T10:04:00","guid":{"rendered":"http:\/\/www.toque-musicall.com\/?p=624"},"modified":"2010-11-24T10:04:00","modified_gmt":"2010-11-24T10:04:00","slug":"conjunto-epoca-de-ouro-clube-do-choro-1976","status":"publish","type":"post","link":"https:\/\/www.toque-musicall.com\/?p=624","title":{"rendered":"Conjunto \u00c9poca De Ouro &#8211; Clube Do Choro (1976)"},"content":{"rendered":"<div><a href=\"http:\/\/2.bp.blogspot.com\/_DSKVEvHtskc\/TOzylSFiMJI\/AAAAAAAAHW4\/CZIeOmMNgV0\/s1600\/epoca+de+ouro+P.JPG\"><img decoding=\"async\" style=\"text-align: center; margin: 0px auto 10px; width: 400px; display: block; height: 399px;\" id=\"BLOGGER_PHOTO_ID_5543071963710369938\" alt=\"\" src=\"http:\/\/2.bp.blogspot.com\/_DSKVEvHtskc\/TOzylSFiMJI\/AAAAAAAAHW4\/CZIeOmMNgV0\/s400\/epoca+de+ouro+P.JPG\" border=\"0\" \/><\/a>Ol\u00e1 amiguinhos cultos e ocultos! Est\u00e3o gostando das postagens da semana? A de hoje n\u00e3o foge \u00e0 regra, podem acreditar&#8230;<br \/>H\u00e1 pouco mais de uma semana, recebi um e-mail da filha do percussionista Pedro (Sorongo) Santos comentando sobre a postagem de <a href=\"http:\/\/toque-musicall.blogspot.com\/2008\/04\/pedro-santos-krishnanda-1968.html\">&#8220;Krisnanda&#8221;<\/a>, que fiz em abril de 2008 e tamb\u00e9m me informando de que ela, havia criado um blog dedicado ao seu pai. Achei a ideia \u00f3tima, o formato de blog \u00e9 legal  porque d\u00e1 mais visibilidade, aproxima\u00e7\u00e3o e intera\u00e7\u00e3o com o p\u00fablico. E mais ainda, teremos acesso \u00e0s informa\u00e7\u00f5es numa perspectiva de um familiar, que conhece bem o artista (pelo menos um lado dele, claro). Coincidentemente, h\u00e1 alguns dias atr\u00e1s vendi o \u00e1lbum que eu tinha. Estava quebrado, mas ainda assim aguentava uma &#8216;meia sola&#8217; e a capa estava muito boa. No <a href=\"http:\/\/pedrosorongo.blogspot.com\/\">blog do Pedro Sorongo<\/a>, a filha Lys reuniu a discografia do artista. Pelo que tudo indica ele s\u00f3 teve um \u00e1lbum solo e um compacto, mas participou em disco de v\u00e1rios artistas ou como integrante de algum grupo. Entre as diversas participa\u00e7\u00f5es, h\u00e1 este magn\u00edfico \u00e1lbum do antol\u00f3gico conjunto \u00c9poca de Ouro, de Jacob do Bandolim. O conjunto havia parado ap\u00f3s a morte de Jacob, mas voltaram \u00e0 pedido de Paulinho da Viola para fazerem um show e da\u00ed resolveram retomar. Pelo grupo, desde ent\u00e3o, passaram diversos nomes. No \u00e1lbum Clube do Choro, lan\u00e7ado em 1976, temos a seguinte forma\u00e7\u00e3o: Dinho no viol\u00e3o de 7 cordas; Dam\u00e1sio no viol\u00e3o de 6 cordas; Deo Rian no bandolim; Jonas Silva no cavaquinho; Jorginho no pandeiro; Luna e Pedro Sorongo na percuss\u00e3o. A produ\u00e7\u00e3o do disco \u00e9 de <a href=\"http:\/\/toque-musicall.blogspot.com\/2008\/08\/reginaldo-bessa-passageiro-do-vento.html\">Reginaldo Bessa<\/a>. Ta\u00ed outro disco que faltava na blogosfera. Confiram o toque \ud83d\ude09<\/p>\n<div> <\/div>\n<div align=\"center\">o boemio<\/div>\n<div style=\"text-align: center;\">lembran\u00e7as de recife<\/div>\n<div align=\"center\">choroso<\/div>\n<div align=\"center\">de limoeiro a mossor\u00f3<\/div>\n<div align=\"center\">evoca\u00e7\u00e3o a jacob<\/div>\n<div align=\"center\">tupinamb\u00e1<\/div>\n<div align=\"center\">visitando recife<\/div>\n<div align=\"center\">paulista<\/div>\n<div align=\"center\">dengoso<\/div>\n<div align=\"center\">abelardo<\/div>\n<div align=\"center\">dan\u00e7a do urso<\/div>\n<div align=\"center\">relaxando<\/div>\n<p><\/p>\n<div align=\"center\"> <\/div>\n<p><\/p>\n<div align=\"center\"> <\/div>\n<\/div>\n","protected":false},"excerpt":{"rendered":"<p>Ol\u00e1 amiguinhos cultos e ocultos! Est\u00e3o gostando das postagens da semana? A de hoje n\u00e3o foge \u00e0 regra, podem acreditar&#8230;H\u00e1 pouco mais de uma semana, recebi um e-mail da filha do percussionista Pedro (Sorongo) Santos comentando sobre a postagem de &hellip; <a href=\"https:\/\/www.toque-musicall.com\/?p=624\">Continue lendo <span class=\"meta-nav\">&rarr;<\/span><\/a><\/p>\n","protected":false},"author":1,"featured_media":0,"comment_status":"open","ping_status":"closed","sticky":false,"template":"","format":"standard","meta":{"footnotes":""},"categories":[921,424],"tags":[],"class_list":["post-624","post","type-post","status-publish","format-standard","hentry","category-conjunto-epoca-de-ouro","category-pedro-santos"],"_links":{"self":[{"href":"https:\/\/www.toque-musicall.com\/index.php?rest_route=\/wp\/v2\/posts\/624","targetHints":{"allow":["GET"]}}],"collection":[{"href":"https:\/\/www.toque-musicall.com\/index.php?rest_route=\/wp\/v2\/posts"}],"about":[{"href":"https:\/\/www.toque-musicall.com\/index.php?rest_route=\/wp\/v2\/types\/post"}],"author":[{"embeddable":true,"href":"https:\/\/www.toque-musicall.com\/index.php?rest_route=\/wp\/v2\/users\/1"}],"replies":[{"embeddable":true,"href":"https:\/\/www.toque-musicall.com\/index.php?rest_route=%2Fwp%2Fv2%2Fcomments&post=624"}],"version-history":[{"count":0,"href":"https:\/\/www.toque-musicall.com\/index.php?rest_route=\/wp\/v2\/posts\/624\/revisions"}],"wp:attachment":[{"href":"https:\/\/www.toque-musicall.com\/index.php?rest_route=%2Fwp%2Fv2%2Fmedia&parent=624"}],"wp:term":[{"taxonomy":"category","embeddable":true,"href":"https:\/\/www.toque-musicall.com\/index.php?rest_route=%2Fwp%2Fv2%2Fcategories&post=624"},{"taxonomy":"post_tag","embeddable":true,"href":"https:\/\/www.toque-musicall.com\/index.php?rest_route=%2Fwp%2Fv2%2Ftags&post=624"}],"curies":[{"name":"wp","href":"https:\/\/api.w.org\/{rel}","templated":true}]}}