{"id":6243,"date":"2017-10-01T15:08:34","date_gmt":"2017-10-01T18:08:34","guid":{"rendered":"http:\/\/www.toque-musicall.com\/?p=6243"},"modified":"2017-10-09T17:23:13","modified_gmt":"2017-10-09T20:23:13","slug":"danca-de-santa-cruz-sp-documentario-sonoro-do-folclore-brasileiro-n-36-1981","status":"publish","type":"post","link":"https:\/\/www.toque-musicall.com\/?p=6243","title":{"rendered":"Cana-Verde\/ Cear\u00e1 &#8211; Document\u00e1rio Sonoro Do Folclore Brasileiro N. 36 (1981)"},"content":{"rendered":"<p><img loading=\"lazy\" decoding=\"async\" class=\"aligncenter size-large\" src=\"https:\/\/2.bp.blogspot.com\/-5ltiQRtBpAk\/WdN3BiHnYnI\/AAAAAAAAOeQ\/h3JE605seMIwP6pznm1d8JPXeSLWKU5mwCLcBGAs\/s640\/capap.JPG\" width=\"636\" height=\"640\" \/><img loading=\"lazy\" decoding=\"async\" class=\"aligncenter size-large\" src=\"https:\/\/2.bp.blogspot.com\/-9kpNGtznAsA\/WdN3B00nogI\/AAAAAAAAOeU\/xYeNCa600Ng9EnXDIvFKF7EVw3x63kI0QCLcBGAs\/s640\/contrap.JPG\" width=\"637\" height=\"640\" \/><\/p>\n<div class=\"article-content entry-content\">\n<p>Bom dia, amigos cultos e ocultos! Por enquanto, nossa mostra da s\u00e9rie Document\u00e1rio Sonoro do Folclore Brasileiro termina aqui. Como disse, infelizmente, eu n\u00e3o tenho essa cole\u00e7\u00e3o completa. Ficaremos aguardando os n\u00fameros que nos falta. Caso algu\u00e9m tenha algum ou o que falta, por favor, compartilhe aqui com o Toque Musical. \ud83d\ude42<\/p>\n<div style=\"text-align: center;\">a minha caninha verde (abetura)<\/div>\n<div style=\"text-align: center;\">sorri, qu\u00e1 qu\u00e1<\/div>\n<div style=\"text-align: center;\">eu n\u00e3o vendo<\/div>\n<div style=\"text-align: center;\">galo galo<\/div>\n<div style=\"text-align: center;\">menina tu vai ao baile<\/div>\n<div style=\"text-align: center;\">caninha verde, adeus adeus (despedida)<\/div>\n<p>.<\/p>\n<\/div>\n<div class=\"article-footer\">\n<div class=\"publish-info\"><\/div>\n<\/div>\n","protected":false},"excerpt":{"rendered":"<p>Bom dia, amigos cultos e ocultos! Por enquanto, nossa mostra da s\u00e9rie Document\u00e1rio Sonoro do Folclore Brasileiro termina aqui. Como disse, infelizmente, eu n\u00e3o tenho essa cole\u00e7\u00e3o completa. Ficaremos aguardando os n\u00fameros que nos falta. Caso algu\u00e9m tenha algum ou &hellip; <a href=\"https:\/\/www.toque-musicall.com\/?p=6243\">Continue lendo <span class=\"meta-nav\">&rarr;<\/span><\/a><\/p>\n","protected":false},"author":1,"featured_media":0,"comment_status":"open","ping_status":"closed","sticky":false,"template":"","format":"standard","meta":{"footnotes":""},"categories":[93,2149,2136],"tags":[],"class_list":["post-6243","post","type-post","status-publish","format-standard","hentry","category-compactos","category-documentario-sonoro-do-folclore-brasileiro","category-selo-mec"],"_links":{"self":[{"href":"https:\/\/www.toque-musicall.com\/index.php?rest_route=\/wp\/v2\/posts\/6243","targetHints":{"allow":["GET"]}}],"collection":[{"href":"https:\/\/www.toque-musicall.com\/index.php?rest_route=\/wp\/v2\/posts"}],"about":[{"href":"https:\/\/www.toque-musicall.com\/index.php?rest_route=\/wp\/v2\/types\/post"}],"author":[{"embeddable":true,"href":"https:\/\/www.toque-musicall.com\/index.php?rest_route=\/wp\/v2\/users\/1"}],"replies":[{"embeddable":true,"href":"https:\/\/www.toque-musicall.com\/index.php?rest_route=%2Fwp%2Fv2%2Fcomments&post=6243"}],"version-history":[{"count":4,"href":"https:\/\/www.toque-musicall.com\/index.php?rest_route=\/wp\/v2\/posts\/6243\/revisions"}],"predecessor-version":[{"id":6251,"href":"https:\/\/www.toque-musicall.com\/index.php?rest_route=\/wp\/v2\/posts\/6243\/revisions\/6251"}],"wp:attachment":[{"href":"https:\/\/www.toque-musicall.com\/index.php?rest_route=%2Fwp%2Fv2%2Fmedia&parent=6243"}],"wp:term":[{"taxonomy":"category","embeddable":true,"href":"https:\/\/www.toque-musicall.com\/index.php?rest_route=%2Fwp%2Fv2%2Fcategories&post=6243"},{"taxonomy":"post_tag","embeddable":true,"href":"https:\/\/www.toque-musicall.com\/index.php?rest_route=%2Fwp%2Fv2%2Ftags&post=6243"}],"curies":[{"name":"wp","href":"https:\/\/api.w.org\/{rel}","templated":true}]}}