{"id":6259,"date":"2017-10-10T10:20:43","date_gmt":"2017-10-10T13:20:43","guid":{"rendered":"http:\/\/www.toque-musicall.com\/?p=6259"},"modified":"2017-10-13T20:17:41","modified_gmt":"2017-10-13T23:17:41","slug":"a-moreninha-trilha-sonora-da-peca-teatral-1969","status":"publish","type":"post","link":"https:\/\/www.toque-musicall.com\/?p=6259","title":{"rendered":"A Moreninha &#8211; Trilha Sonora Da Pe\u00e7a Teatral (1969)"},"content":{"rendered":"<p><img loading=\"lazy\" decoding=\"async\" class=\"aligncenter size-large\" src=\"https:\/\/3.bp.blogspot.com\/-XO2mnWwqSLw\/WeC5ueR4MRI\/AAAAAAAAOgU\/GjIP_S7eHGsJMnRCkD35V2mJ5TMnnNmDQCLcBGAs\/s640\/Capap.JPG\" width=\"640\" height=\"640\" \/><img loading=\"lazy\" decoding=\"async\" class=\"aligncenter size-large\" src=\"https:\/\/1.bp.blogspot.com\/-hHnToZvdyt0\/WeC5ufjtrCI\/AAAAAAAAOgQ\/d68IJDqgGk8pDYIr-tWWHIkN5WJ-q3m1QCLcBGAs\/s640\/contrap.JPG\" width=\"634\" height=\"640\" \/><\/p>\n<p>Bom dia, amigos cultos e ocultos! Trago hoje para voc\u00eas este compacto bem raro da trilha musical da pe\u00e7a teatral &#8220;A Moreninha&#8221;, que conforme podemos ver na capa teve a sua estr\u00e9ia em 29 de dezembro de 1968 no Teatro Achieta de S\u00e3o Paulo, trazendo um grande elenco e tendo como protagonistas os atores Perry Sales e Mar\u00edlia P\u00eara. Essa pe\u00e7a foi uma com\u00e9dia musical escrita por Miroel Silveira e Cl\u00e1udio Petraglia adaptada a partir do romance escrito por Joaquim Manuel de Macedo. As m\u00fasicas s\u00e3o de autoria de Cl\u00e1udio Petraglia, tamb\u00e9m produtor da pe\u00e7a e os arranjos e orquestra\u00e7\u00e3o de Sandino Hohagen. Confiram j\u00e1 este compacto no GTM \ud83d\ude09<\/p>\n<div style=\"text-align: center;\">paquet\u00e1, paquet\u00e1 &#8211; o elenco<\/div>\n<div style=\"text-align: center;\">cafun\u00e9 &#8211; zez\u00e9 motta e g\u00e9sio amadeu<\/div>\n<div style=\"text-align: center;\">balada &#8216;a moreninha&#8217;- mar\u00edlia p\u00eara<\/div>\n<div style=\"text-align: center;\">marcarei o seu nome &#8211; mar\u00edlia p\u00eara e perry salles<\/div>\n<div><\/div>\n<div><\/div>\n<ul>\n<li>Produ\u00e7\u00e3o original do blog Sintonia Musikal, do amigo Chico.<\/li>\n<\/ul>\n","protected":false},"excerpt":{"rendered":"<p>Bom dia, amigos cultos e ocultos! Trago hoje para voc\u00eas este compacto bem raro da trilha musical da pe\u00e7a teatral &#8220;A Moreninha&#8221;, que conforme podemos ver na capa teve a sua estr\u00e9ia em 29 de dezembro de 1968 no Teatro &hellip; <a href=\"https:\/\/www.toque-musicall.com\/?p=6259\">Continue lendo <span class=\"meta-nav\">&rarr;<\/span><\/a><\/p>\n","protected":false},"author":1,"featured_media":0,"comment_status":"open","ping_status":"closed","sticky":false,"template":"","format":"standard","meta":{"footnotes":""},"categories":[2910,93,109,217,346,1091],"tags":[],"class_list":["post-6259","post","type-post","status-publish","format-standard","hentry","category-a-moreninha-peca-teatral","category-compactos","category-marilia-pera","category-selo-chantecler","category-trilhas","category-zeze-mota"],"_links":{"self":[{"href":"https:\/\/www.toque-musicall.com\/index.php?rest_route=\/wp\/v2\/posts\/6259","targetHints":{"allow":["GET"]}}],"collection":[{"href":"https:\/\/www.toque-musicall.com\/index.php?rest_route=\/wp\/v2\/posts"}],"about":[{"href":"https:\/\/www.toque-musicall.com\/index.php?rest_route=\/wp\/v2\/types\/post"}],"author":[{"embeddable":true,"href":"https:\/\/www.toque-musicall.com\/index.php?rest_route=\/wp\/v2\/users\/1"}],"replies":[{"embeddable":true,"href":"https:\/\/www.toque-musicall.com\/index.php?rest_route=%2Fwp%2Fv2%2Fcomments&post=6259"}],"version-history":[{"count":3,"href":"https:\/\/www.toque-musicall.com\/index.php?rest_route=\/wp\/v2\/posts\/6259\/revisions"}],"predecessor-version":[{"id":6262,"href":"https:\/\/www.toque-musicall.com\/index.php?rest_route=\/wp\/v2\/posts\/6259\/revisions\/6262"}],"wp:attachment":[{"href":"https:\/\/www.toque-musicall.com\/index.php?rest_route=%2Fwp%2Fv2%2Fmedia&parent=6259"}],"wp:term":[{"taxonomy":"category","embeddable":true,"href":"https:\/\/www.toque-musicall.com\/index.php?rest_route=%2Fwp%2Fv2%2Fcategories&post=6259"},{"taxonomy":"post_tag","embeddable":true,"href":"https:\/\/www.toque-musicall.com\/index.php?rest_route=%2Fwp%2Fv2%2Ftags&post=6259"}],"curies":[{"name":"wp","href":"https:\/\/api.w.org\/{rel}","templated":true}]}}