{"id":6263,"date":"2017-10-14T19:40:54","date_gmt":"2017-10-14T22:40:54","guid":{"rendered":"http:\/\/www.toque-musicall.com\/?p=6263"},"modified":"2017-10-19T20:24:01","modified_gmt":"2017-10-19T22:24:01","slug":"paulinho-boca-de-cantor-cantor-popular-1984","status":"publish","type":"post","link":"https:\/\/www.toque-musicall.com\/?p=6263","title":{"rendered":"Paulinho Boca De Cantor &#8211; Cantor Popular (1984)"},"content":{"rendered":"<p><img loading=\"lazy\" decoding=\"async\" class=\"aligncenter size-large\" src=\"https:\/\/1.bp.blogspot.com\/-6SewUy6OUC8\/WegKjyTm1tI\/AAAAAAAAOgw\/8eHOvr6RHBUwdxelf1e-WJbgEJAI-3TkgCLcBGAs\/s640\/capap.JPG\" width=\"640\" height=\"635\" \/><img loading=\"lazy\" decoding=\"async\" class=\"aligncenter size-large\" src=\"https:\/\/4.bp.blogspot.com\/-2yAW8f5RSyo\/WegKkns--mI\/AAAAAAAAOg0\/-huVF3pDXYwTQKEJNicpeiWejhv9JWiFwCLcBGAs\/s640\/contrap.JPG\" width=\"634\" height=\"640\" \/><\/p>\n<p>Seu nome, na pia batismal, \u00e9 Paulo Roberto Figueiredo de Oliveira. E \u00e9 como Paulinho Boca de Cantor que todos o conhecem. Tamb\u00e9m compositor, \u00e9 claro, ele veio ao mundo na cidade de Santa In\u00eas, na Bahia, no dia 28 de junho de 1946. Come\u00e7ou sua carreira musical em 1962, como crooner da orquestra de Carlito (mais tarde Orquestra Avan\u00e7o), que animava bailes em Salvador e no interior da Bahia. Em 1969, funda, juntamente com Pepeu Gomes, Baby Consuelo (hoje Baby do Brasil), Moraes Moreira e Luiz Galv\u00e3o, um dos mais importantes grupos da hist\u00f3ria de nossa m\u00fasica popular: os Novos Baianos, do qual seria um dos principais compositores. O grupo, que revolucionou a MPB nos anos 70 e ainda \u00e9 refer\u00eancia para novas gera\u00e7\u00f5es, lan\u00e7ou dez LPs de est\u00fadio, entre eles o premiad\u00edssimo \u201cAcabou chorare\u201d, de 1972, considerado o melhor \u00e1lbum brasileiro da hist\u00f3ria, segundo a revista \u201cRolling Stone\u201d. Com o fim dos Novos Baianos, em 1979, Paulinho Boca de Cantor partiu para a carreira-solo. Sua carreira no exterior come\u00e7ou em 1983, em Roma, capital da It\u00e1lia, apresentando-se no show \u201cBahia de todos os sambas\u201d, ao lado de ilustres\u00a0 conterr\u00e2neos, tais como Jo\u00e3o Gilberto, Nana e Dorival Caymmi, Gal Costa, Caetano Veloso, Maria Beth\u00e2nia e Gilberto Gil. Em 1988, passa a residir em Nova York, EUA, l\u00e1 fundando a Bahia Band e com ela fazendo shows em v\u00e1rias cidades norte-americanas. Em 1990, Paulinho voltou a morar em Salvador, participando de in\u00fameros projetos culturais importantes. Em 1997, reuniu novamente os Novos Baianos, com quem gravou ao vivo o CD \u201cInfinito circular\u201d, e realizou shows hist\u00f3ricos por todo o Brasil. Paulinho Boca de Cantor tem em sua discografia-solo onze \u00e1lbuns, sendo o mais recente deles \u201cForr\u00f3 do Boca\u201d, lan\u00e7ado em 2013 (o LP \u201cValeu\u201d, de 1981, que trouxe o hit \u201cRock Mary\u201d, foi um dos discos independentes mais vendidos no Brasil nessa \u00e9poca). Destaca-se ainda como pesquisador de nossa m\u00fasica popular, e lan\u00e7a, em 2002, em parceria com Edil Pacheco, o CD duplo \u201cDo lundu ao ax\u00e9 \u2013 Bahia de todas as m\u00fasicas\u201d, homenagem aos maiores compositores do s\u00e9culo XX (entre 1902 e 2002), com a participa\u00e7\u00e3o de importantes nomes da MPB, tais como Gilberto Gil, Carlinhos Brown, Margareth Menezes, Armandinho, Luiz Caldas e Moraes Moreira. Foi tamb\u00e9m produzido por ele o \u00e1lbum comemorativo do centen\u00e1rio do Esporte Clube Vit\u00f3ria, lan\u00e7ado em 1999, com participa\u00e7\u00e3o de artistas-torcedores da agremia\u00e7\u00e3o, tipo Daniela Mercury, Durval L\u00e9lis, Ivete Sangalo , Tatau (do Araketu) e Gilmel\u00e2ndia (ent\u00e3o vocalista da Banda Beijo). Da discografia-solo de Paulinho Boca de Cantor, o TM traz para seus amigos cultos e ocultos \u201cCantor popular\u201d. Trata-se do terceiro LP-solo do artista, lan\u00e7ado no in\u00edcio de 1984, e o primeiro que fez para a todo-poderosa EMI, incorporada anos mais tarde pela Universal Music. Com produ\u00e7\u00e3o executiva de Guilherme Maia e T\u00f4ni Costa, tamb\u00e9m respons\u00e1veis pelos arranjos, orquestra\u00e7\u00f5es e reg\u00eancias, ao lado de Jorginho Gomes, e dire\u00e7\u00e3o de produ\u00e7\u00e3o de Renato Corr\u00eaa (que integrou os Golden Boys), o disco tem dez faixas, seis delas assinadas pelo pr\u00f3prio Paulinho com parceiros, e dele podemos destacar a autobiogr\u00e1fica faixa-t\u00edtulo, \u201cCantor popular\u201d, que conta inclusive com a participa\u00e7\u00e3o de Pepeu Gomes, a irreverente \u201cO enviado\u201d, \u201cSalsa morena\u201d (com influ\u00eancia de ritmos caribenhos) e \u201cVoltar ao zero\u201d, de Mauri\u00e7ola. Tudo isso num trabalho impec\u00e1vel, tanto t\u00e9cnica quanto artisticamente, de um dos maiores nomes de nossa m\u00fasica popular, agora tamb\u00e9m com credenciais de pesquisador. E que continua na ativa, felizmente.<\/p>\n<p style=\"text-align: center;\">ecologia astral<\/p>\n<p style=\"text-align: center;\">quanto mais quente melhor<\/p>\n<p style=\"text-align: center;\">semente do prazer<\/p>\n<p style=\"text-align: center;\">cantos de fada<\/p>\n<p style=\"text-align: center;\">um peixe vivo<\/p>\n<p style=\"text-align: center;\">volta ao zero<\/p>\n<p style=\"text-align: center;\">cantor popular<\/p>\n<p style=\"text-align: center;\">salsa morena<\/p>\n<p style=\"text-align: center;\">alegria de doido<\/p>\n<p style=\"text-align: center;\">o enviado<\/p>\n<p>*Texto de Samuel Machado Filho<\/p>\n","protected":false},"excerpt":{"rendered":"<p>Seu nome, na pia batismal, \u00e9 Paulo Roberto Figueiredo de Oliveira. E \u00e9 como Paulinho Boca de Cantor que todos o conhecem. Tamb\u00e9m compositor, \u00e9 claro, ele veio ao mundo na cidade de Santa In\u00eas, na Bahia, no dia 28 &hellip; <a href=\"https:\/\/www.toque-musicall.com\/?p=6263\">Continue lendo <span class=\"meta-nav\">&rarr;<\/span><\/a><\/p>\n","protected":false},"author":1,"featured_media":0,"comment_status":"open","ping_status":"closed","sticky":false,"template":"","format":"standard","meta":{"footnotes":""},"categories":[1824,244],"tags":[],"class_list":["post-6263","post","type-post","status-publish","format-standard","hentry","category-paulinho-boca-de-cantor","category-selo-emi-odeon"],"_links":{"self":[{"href":"https:\/\/www.toque-musicall.com\/index.php?rest_route=\/wp\/v2\/posts\/6263","targetHints":{"allow":["GET"]}}],"collection":[{"href":"https:\/\/www.toque-musicall.com\/index.php?rest_route=\/wp\/v2\/posts"}],"about":[{"href":"https:\/\/www.toque-musicall.com\/index.php?rest_route=\/wp\/v2\/types\/post"}],"author":[{"embeddable":true,"href":"https:\/\/www.toque-musicall.com\/index.php?rest_route=\/wp\/v2\/users\/1"}],"replies":[{"embeddable":true,"href":"https:\/\/www.toque-musicall.com\/index.php?rest_route=%2Fwp%2Fv2%2Fcomments&post=6263"}],"version-history":[{"count":1,"href":"https:\/\/www.toque-musicall.com\/index.php?rest_route=\/wp\/v2\/posts\/6263\/revisions"}],"predecessor-version":[{"id":6264,"href":"https:\/\/www.toque-musicall.com\/index.php?rest_route=\/wp\/v2\/posts\/6263\/revisions\/6264"}],"wp:attachment":[{"href":"https:\/\/www.toque-musicall.com\/index.php?rest_route=%2Fwp%2Fv2%2Fmedia&parent=6263"}],"wp:term":[{"taxonomy":"category","embeddable":true,"href":"https:\/\/www.toque-musicall.com\/index.php?rest_route=%2Fwp%2Fv2%2Fcategories&post=6263"},{"taxonomy":"post_tag","embeddable":true,"href":"https:\/\/www.toque-musicall.com\/index.php?rest_route=%2Fwp%2Fv2%2Ftags&post=6263"}],"curies":[{"name":"wp","href":"https:\/\/api.w.org\/{rel}","templated":true}]}}