{"id":6265,"date":"2017-10-16T22:44:11","date_gmt":"2017-10-17T00:44:11","guid":{"rendered":"http:\/\/www.toque-musicall.com\/?p=6265"},"modified":"2017-10-19T23:18:44","modified_gmt":"2017-10-20T01:18:44","slug":"saudosa-minas-gerais-1956","status":"publish","type":"post","link":"https:\/\/www.toque-musicall.com\/?p=6265","title":{"rendered":"Saudosa Minas Gerais (1956)"},"content":{"rendered":"<p><img loading=\"lazy\" decoding=\"async\" class=\"aligncenter size-large\" src=\"https:\/\/4.bp.blogspot.com\/-hETaXgBc2BY\/WelEkz7Xg6I\/AAAAAAAAOhE\/kYiMFT45OsEIIwNuTjFAR6KbrW1zQAxTACLcBGAs\/s640\/capafp.JPG\" width=\"640\" height=\"638\" \/><img loading=\"lazy\" decoding=\"async\" class=\"aligncenter size-large\" src=\"https:\/\/2.bp.blogspot.com\/-a5ZdQFpdPIg\/WelEk42FXZI\/AAAAAAAAOhI\/5UX_B061VIAWzeGZ3g6kvE3cXIVYr9kGQCLcBGAs\/s640\/contrap.JPG\" width=\"640\" height=\"618\" \/><\/p>\n<p>Hoje, o TM oferece a seus amigos cultos e ocultos rara e preciosa parcela do rico acervo musical do estado de Minas Gerais. A m\u00fasica, inclusive, est\u00e1 presente em Minas desde o per\u00edodo colonial, mais precisamente desde a segunda metade do s\u00e9culo XVI, quando a Companhia de Jesus trouxe para o estado os primeiros instrumentos musicais, com o objetivo de converterem os ind\u00edgenas aos costumes europeus, difundindo a m\u00fasica barroca. Por d\u00e9cadas, os jesu\u00edtas foram respons\u00e1veis tanto pelo ensino da gram\u00e1tica e do latim quanto pela alfabetiza\u00e7\u00e3o musical nas escolas. Outro marco de identidade cultural de Minas s\u00e3o as bandas de m\u00fasica, que se desenvolveram a partir do s\u00e9culo XIX. Sem esquecer as serestas de Diamantina, verdadeira tradi\u00e7\u00e3o na cidade, terra natal do ex-presidente da Rep\u00fablica Juscelino Kubitschek de Oliveira (1902-1976). Compositores nascidos em Minas, como Ary Barroso (nascido em Ub\u00e1), Ataulfo Alves (de Mira\u00ed) e Alcyr Pires Vermelho (de Muria\u00e9) deram expressiva contribui\u00e7\u00e3o para nossa m\u00fasica popular. Assim como a turma do Clube da Esquina, liderada por um mineiro de cora\u00e7\u00e3o, M\u00edlton Nascimento, surgida nos anos 1970. Sem esquecer grupos de rock como o Skank e o Jota Quest, ainda hoje em plena atividade. \u201cSaudosa Minas Gerais\u201d, o \u00e1lbum que o TM nos traz hoje, foi lan\u00e7ado por volta de 1955\/56 pela Columbia, hoje Sony Music, num tempo em que o LP estava em fase de implanta\u00e7\u00e3o entre n\u00f3s e tinha dez polegadas. Trata-se de uma compila\u00e7\u00e3o reunindo alguns int\u00e9rpretes ent\u00e3o contratados da gravadora, evidentemente extra\u00eddas de 78 rpm, e suas oito faixas, direta ou indiretamente, possuem elos de liga\u00e7\u00e3o com a m\u00fasica e a cultura popular mineira.\u00a0 A curiosidade fica por conta da presen\u00e7a de Zil\u00e1 Fonseca (Iolanda Ribeiro Angarano, S\u00e3o Paulo, 12\/4\/1919-Rio de Janeiro, 30\/5\/1992) em tr\u00eas faixas, uma em dueto com Cauby Peixoto, ent\u00e3o despontando para o estrelato (\u201cElvira\u201d, que abre o disco, adapta\u00e7\u00e3o em ritmo de bai\u00e3o da modinha \u201cElvira, escuta\u201d), \u00a0e outras duas com Carlos Henrique (\u201cMinha zabel\u00ea\u201d e \u201cMineiro apaixonado\u201d, ambas tamb\u00e9m bai\u00f5es). Carlos Henrique ainda interpreta outro bai\u00e3o, \u201cAlice\u201d, em dueto com Aracy Costa, outra cantora de sucesso na \u00e9poca.\u00a0 \u201cPeixe vivo\u201d, a m\u00fasica predileta do j\u00e1 citado ex-presidente JK, motivo folcl\u00f3rico de sua Diamantina natal, \u00e9 aqui interpretada por Mary Duarte e Paulo Fernandes, e tamb\u00e9m em ritmo de bai\u00e3o, que nesse tempo ainda tinha for\u00e7a. As Irm\u00e3s Cavalcanti (Odemi e Noemi, esta \u00faltima vocalista do Trio de Ouro em sua segunda fase) v\u00eam com outras duas faixas bastante expressivas: o rasqueado \u201cTerra distante\u201d (parceria de Noemi com S\u00edlvio Pereira de Ara\u00fajo, o Pereirinha) e a faixa-t\u00edtulo, que ali\u00e1s encerra o disco, a \u201cvalsinha\u201d \u201cSaudosa Minas Gerais\u201d, das pr\u00f3prias Cavalcantis. Por fim, temos um verdadeiro cl\u00e1ssico da m\u00fasica sertaneja de raiz, a can\u00e7\u00e3o \u201cFelicidade de caboclo\u201d, de Gino Alves e Pichincha, no registro original de Caxang\u00e1 e Sanica, lan\u00e7ado originalmente em bolacha de cera no finalzinho de 1954. Enfim, uma compila\u00e7\u00e3o rara e de valor hist\u00f3rico inestim\u00e1vel, que agora o TM possui a grata satisfa\u00e7\u00e3o<a href=\"https:\/\/www.blogger.com\/null\" name=\"_GoBack\"><\/a>\u00a0de nos oferecer. \u00c9 ir pro GTM correndo, baixar e conferir&#8230;<\/p>\n<div style=\"text-align: center;\">elvira &#8211; cauby peixoto e zil\u00e1 fonseca<\/div>\n<div style=\"text-align: center;\">minha zabel\u00ea &#8211; zil\u00e1 fonseca e carlos henrique<\/div>\n<div style=\"text-align: center;\">alice &#8211; carlos henrique e aracy costa<\/div>\n<div style=\"text-align: center;\">mineiro apaixonado &#8211; carlos henrique e zil\u00e1 fonseca<\/div>\n<div style=\"text-align: center;\">peixa vivo &#8211; mary duarte e paulo fernandes<\/div>\n<div style=\"text-align: center;\">terra distante &#8211; irm\u00e3s cavalcanti<\/div>\n<div style=\"text-align: center;\">felicidade de caboclo &#8211; caxang\u00e1 e sanica<\/div>\n<div style=\"text-align: center;\">saudosa minas gerais &#8211; irm\u00e3s cavalcanti<\/div>\n<p>*Texto de Samuel Machado Filho<\/p>\n","protected":false},"excerpt":{"rendered":"<p>Hoje, o TM oferece a seus amigos cultos e ocultos rara e preciosa parcela do rico acervo musical do estado de Minas Gerais. A m\u00fasica, inclusive, est\u00e1 presente em Minas desde o per\u00edodo colonial, mais precisamente desde a segunda metade &hellip; <a href=\"https:\/\/www.toque-musicall.com\/?p=6265\">Continue lendo <span class=\"meta-nav\">&rarr;<\/span><\/a><\/p>\n","protected":false},"author":1,"featured_media":0,"comment_status":"open","ping_status":"closed","sticky":false,"template":"","format":"standard","meta":{"footnotes":""},"categories":[270,177,231,2914,269,336],"tags":[],"class_list":["post-6265","post","type-post","status-publish","format-standard","hentry","category-carlos-henrique","category-cauby-peixoto","category-irmas-cavalvanti","category-mary-duarte","category-selo-columbia","category-zila-fonseca"],"_links":{"self":[{"href":"https:\/\/www.toque-musicall.com\/index.php?rest_route=\/wp\/v2\/posts\/6265","targetHints":{"allow":["GET"]}}],"collection":[{"href":"https:\/\/www.toque-musicall.com\/index.php?rest_route=\/wp\/v2\/posts"}],"about":[{"href":"https:\/\/www.toque-musicall.com\/index.php?rest_route=\/wp\/v2\/types\/post"}],"author":[{"embeddable":true,"href":"https:\/\/www.toque-musicall.com\/index.php?rest_route=\/wp\/v2\/users\/1"}],"replies":[{"embeddable":true,"href":"https:\/\/www.toque-musicall.com\/index.php?rest_route=%2Fwp%2Fv2%2Fcomments&post=6265"}],"version-history":[{"count":1,"href":"https:\/\/www.toque-musicall.com\/index.php?rest_route=\/wp\/v2\/posts\/6265\/revisions"}],"predecessor-version":[{"id":6266,"href":"https:\/\/www.toque-musicall.com\/index.php?rest_route=\/wp\/v2\/posts\/6265\/revisions\/6266"}],"wp:attachment":[{"href":"https:\/\/www.toque-musicall.com\/index.php?rest_route=%2Fwp%2Fv2%2Fmedia&parent=6265"}],"wp:term":[{"taxonomy":"category","embeddable":true,"href":"https:\/\/www.toque-musicall.com\/index.php?rest_route=%2Fwp%2Fv2%2Fcategories&post=6265"},{"taxonomy":"post_tag","embeddable":true,"href":"https:\/\/www.toque-musicall.com\/index.php?rest_route=%2Fwp%2Fv2%2Ftags&post=6265"}],"curies":[{"name":"wp","href":"https:\/\/api.w.org\/{rel}","templated":true}]}}