{"id":6275,"date":"2017-10-27T23:08:54","date_gmt":"2017-10-28T01:08:54","guid":{"rendered":"http:\/\/www.toque-musicall.com\/?p=6275"},"modified":"2017-11-02T23:31:53","modified_gmt":"2017-11-03T01:31:53","slug":"waltel-branco-musicas-do-seculo-xvi-ao-seculo-xx-1968","status":"publish","type":"post","link":"https:\/\/www.toque-musicall.com\/?p=6275","title":{"rendered":"Waltel Branco &#8211; M\u00fasicas Do S\u00e9culo XVI Ao S\u00e9culo XX (1968)"},"content":{"rendered":"<p><img loading=\"lazy\" decoding=\"async\" class=\"aligncenter size-large\" src=\"https:\/\/3.bp.blogspot.com\/-UshPiZrIpnw\/Wfu9JdPxNLI\/AAAAAAAAOig\/yg0ojPNPrswsGoM90kVQvfwuVa_xDs6vACLcBGAs\/s640\/capap.JPG\" width=\"640\" height=\"635\" \/><img loading=\"lazy\" decoding=\"async\" class=\"aligncenter size-large\" src=\"https:\/\/3.bp.blogspot.com\/-10MYzkaTr5g\/Wfu9KQDVU1I\/AAAAAAAAOik\/Nw-Ltd2Pl-MD4IzE1c2xfV2JyvJdSyL8wCLcBGAs\/s640\/contrap.JPG\" width=\"640\" height=\"637\" \/><\/p>\n<p>Ol\u00e1, amigos cultos e ocultos! O TM oferece a voc\u00eas hoje mais um \u00e1lbum de qualidade produzido no Brasil, enfocando a m\u00fasica erudita. Trata-se de \u201cM\u00fasicas do s\u00e9culo XVI ao s\u00e9culo XX\u201d, lan\u00e7ado em 1969 pela CID (Cia. Industrial de Discos), gravadora independente carioca que existe at\u00e9 hoje, sob o selo Itamaraty, com distribui\u00e7\u00e3o da extinta Codil. O repert\u00f3rio, evidentemente, \u00e9 primoroso, com obras de Villa-Lobos (\u201cPrel\u00fadio n.o 2\u201d), Brahms (\u201cValsa n.o 15\u201d), Chopin (\u201cPrel\u00fadio n.o 20\u201d), Schumann (\u201cRomanza\u201d), Gluck, Weiss (ambas denominadas \u201cBallet\u201d) e Poulnac (\u201cSarabanda\u201d). Tudo isso em not\u00e1veis solos de viol\u00e3o a cargo de Waltel Branco, que tamb\u00e9m assina as faixas \u201cPrel\u00fadio, sarabanda e Bourr\u00e9e\u201d (que dedicou ao dr. Fernando Paes Leme) e \u201cModa de viola\u201d (dedicada a meu xar\u00e1 Samuel Babo). Tamb\u00e9m not\u00e1vel arranjador, maestro e compositor, Waltel Branco nasceu em Paranagu\u00e1, litoral paranaense, no dia 22 de novembro de 1929. Oriundo de fam\u00edlia musical, iniciou-se bem cedo nessa arte, por meio da bateria, do viol\u00e3o, e posteriormente do cavaquinho e do violoncelo, estudando ainda harpa e \u00f3rg\u00e3o. Sua inf\u00e2ncia e adolesc\u00eancia, alternadas entre Curitiba e Rio de Janeiro, foram marcadas pelo estudo da m\u00fasica e religi\u00e3o. No per\u00edodo em que esteve no semin\u00e1rio, estudou m\u00fasica com o chileno Joaqu\u00edn Zamacois, e teve ainda outros mestres que contribu\u00edram para sua forma\u00e7\u00e3o, como Bento Mossurunga, Alceu Bocchino e o padre Jos\u00e9 Penalva. Em Curitiba, Waltel formou uma jazz-band junto com seu irm\u00e3o, o baterista Ismael Branco, e o pianista Gebran Sabag, ent\u00e3o grande revela\u00e7\u00e3o. Em 1949, ainda jovem, foi para o Rio de Janeiro e, em seguida para Cuba, junto com a cantora Lia Ray, a fim de ser violonista, diretor musical e arranjador do conjunto que formaram. L\u00e1, nosso Waltel teve oportunidade de tocar com Perez Prado, Mongo Santamaria e Chico O\u2019Farrel, ajudando a criar a mistura de jazz, m\u00fasica cubana e brasileira que influenciaria a \u201cjazz fusion\u201d, estilo do qual ele \u00e9 considerado um dos precursores. Seu curr\u00edculo inclui passagens pelos EUA, Europa, \u00c1sia e at\u00e9 mesmo pela \u00cdndia, onde at\u00e9 lecionou m\u00fasica ao lado de maestros renomados. Poucos sabem, mas foi Waltel Branco quem comp\u00f4s, \u00e0 \u00e9poca em que trabalhava com o maestro norte-americano Henry Mancini, o famoso tema da \u201cPantera Cor-de-Rosa\u201d, ouvido e conhecido at\u00e9 hoje. Teve import\u00e2ncia fundamental na formata\u00e7\u00e3o da bossa nova, morando em uma pens\u00e3o junto com nada mais nada menos que Jo\u00e3o Gilberto, com quem desempenhou longa parceria, sendo seu amigo e arranjador desde ent\u00e3o. Waltel Blanco tamb\u00e9m foi, em 1965, um dos pioneiros da TV Globo, onde, a convite do pr\u00f3prio dr. Roberto Marinho, viria a compor um seleto time de m\u00fasicos da emissora, junto a Radam\u00e9s Gnattali, Guerra Peixe e Guio de Moraes, ficando l\u00e1 por mais de vinte anos. Tem mais de 5.000 composi\u00e7\u00f5es (ao longo da carreira), incont\u00e1veis arranjos e participa\u00e7\u00f5es, al\u00e9m de espet\u00e1culos e shows que at\u00e9 hoje realiza no Brasil e no exterior. \u00c9 dif\u00edcil, ali\u00e1s, encontrar artista brasileiro (ou mesmo internacional) com quem Waltel n\u00e3o tenha trabalhado. Tocou com Dorival Caymmi e a filha Nana, al\u00e9m, claro, de Jo\u00e3o Gilberto, fez arranjos para gente do porte de Roberto Carlos, Mercedes Sosa, Cazuza, Tim Maia, Djavan, Cartola, Astor Piazzola, Z\u00e9 K\u00e9ti, Elis Regina, Vanusa, Gal Costa, Tom Jobim, Maria Creuza e muitos mais. Em 2012, recebeu o t\u00edtulo de doutor \u201chonoris causa\u201d pela Universidade Federal do Paran\u00e1 (UFPR), ali\u00e1s o primeiro t\u00edtulo da entidade concebido a um m\u00fasico. Em suma, Waltel Branco \u00e9 um grande mestre de nossa m\u00fasica, o que por si s\u00f3 credencia este \u201cM\u00fasicas do s\u00e9culo XVI ao s\u00e9culo XX\u201d, oferecido hoje pelo TM com a satisfa\u00e7\u00e3o e o orgulho de sempre. A conferir, sem falta&#8230;<\/p>\n<p style=\"text-align: center;\">can\u00e7\u00e3o do s\u00e9culo XVI<\/p>\n<p style=\"text-align: center;\">ballet &#8211; gluck<\/p>\n<p style=\"text-align: center;\">romanza &#8211; schumann<\/p>\n<p style=\"text-align: center;\">valsa n. 15 &#8211; brahms<\/p>\n<p style=\"text-align: center;\">ballet &#8211; weiss<\/p>\n<p style=\"text-align: center;\">prel\u00fadio n. 20 &#8211; chopin<\/p>\n<p style=\"text-align: center;\">estudos 16 &#8211; sor<\/p>\n<p style=\"text-align: center;\">sarabanda &#8211; poulenc<\/p>\n<p style=\"text-align: center;\">prel\u00fadio n. 2 &#8211; villa lobos<\/p>\n<p style=\"text-align: center;\">andante &#8211; p. van der staak<\/p>\n<p style=\"text-align: center;\">moda de viola<\/p>\n<p>&nbsp;<\/p>\n<p>*Texto de Samuel Machado Filho<\/p>\n","protected":false},"excerpt":{"rendered":"<p>Ol\u00e1, amigos cultos e ocultos! O TM oferece a voc\u00eas hoje mais um \u00e1lbum de qualidade produzido no Brasil, enfocando a m\u00fasica erudita. Trata-se de \u201cM\u00fasicas do s\u00e9culo XVI ao s\u00e9culo XX\u201d, lan\u00e7ado em 1969 pela CID (Cia. Industrial de &hellip; <a href=\"https:\/\/www.toque-musicall.com\/?p=6275\">Continue lendo <span class=\"meta-nav\">&rarr;<\/span><\/a><\/p>\n","protected":false},"author":1,"featured_media":0,"comment_status":"open","ping_status":"closed","sticky":false,"template":"","format":"standard","meta":{"footnotes":""},"categories":[2213,2356],"tags":[],"class_list":["post-6275","post","type-post","status-publish","format-standard","hentry","category-selo-itamaraty","category-waltel-branco"],"_links":{"self":[{"href":"https:\/\/www.toque-musicall.com\/index.php?rest_route=\/wp\/v2\/posts\/6275","targetHints":{"allow":["GET"]}}],"collection":[{"href":"https:\/\/www.toque-musicall.com\/index.php?rest_route=\/wp\/v2\/posts"}],"about":[{"href":"https:\/\/www.toque-musicall.com\/index.php?rest_route=\/wp\/v2\/types\/post"}],"author":[{"embeddable":true,"href":"https:\/\/www.toque-musicall.com\/index.php?rest_route=\/wp\/v2\/users\/1"}],"replies":[{"embeddable":true,"href":"https:\/\/www.toque-musicall.com\/index.php?rest_route=%2Fwp%2Fv2%2Fcomments&post=6275"}],"version-history":[{"count":1,"href":"https:\/\/www.toque-musicall.com\/index.php?rest_route=\/wp\/v2\/posts\/6275\/revisions"}],"predecessor-version":[{"id":6276,"href":"https:\/\/www.toque-musicall.com\/index.php?rest_route=\/wp\/v2\/posts\/6275\/revisions\/6276"}],"wp:attachment":[{"href":"https:\/\/www.toque-musicall.com\/index.php?rest_route=%2Fwp%2Fv2%2Fmedia&parent=6275"}],"wp:term":[{"taxonomy":"category","embeddable":true,"href":"https:\/\/www.toque-musicall.com\/index.php?rest_route=%2Fwp%2Fv2%2Fcategories&post=6275"},{"taxonomy":"post_tag","embeddable":true,"href":"https:\/\/www.toque-musicall.com\/index.php?rest_route=%2Fwp%2Fv2%2Ftags&post=6275"}],"curies":[{"name":"wp","href":"https:\/\/api.w.org\/{rel}","templated":true}]}}