{"id":6282,"date":"2017-11-06T13:39:52","date_gmt":"2017-11-06T15:39:52","guid":{"rendered":"http:\/\/www.toque-musicall.com\/?p=6282"},"modified":"2017-11-10T13:51:54","modified_gmt":"2017-11-10T15:51:54","slug":"sol-amarelo-musicas-da-novela-tso-1972","status":"publish","type":"post","link":"https:\/\/www.toque-musicall.com\/?p=6282","title":{"rendered":"Sol Amarelo &#8211; M\u00fasicas Da Novela TSO (1972)"},"content":{"rendered":"<p><img loading=\"lazy\" decoding=\"async\" class=\"aligncenter size-large\" src=\"https:\/\/3.bp.blogspot.com\/-WTjTeL_7tWM\/WgUJYko84wI\/AAAAAAAAOj0\/S397bNunhlwCZ3-grXdkcwyRev6GNr6BACLcBGAs\/s640\/capaFp.JPG\" width=\"640\" height=\"638\" \/><img loading=\"lazy\" decoding=\"async\" class=\"aligncenter size-large\" src=\"https:\/\/1.bp.blogspot.com\/-uLlJTHvphM0\/WgUJYDb_fOI\/AAAAAAAAOjw\/OYz1XWeN6swD_RegoIG1BdxRF5-scSOjgCLcBGAs\/s640\/contrap.JPG\" width=\"640\" height=\"636\" \/><\/p>\n<p>Ol\u00e1, amigos cultos e ocultos! Conforme informei, nossas pr\u00f3ximas postagens ser\u00e3o dedicadas as trilhas de novelas. Devo ter umas meia d\u00fazia de discos aqui que ainda n\u00e3o postei. Ent\u00e3o vamos a eles&#8230;<br \/>\nHoje tem a trilha de Sol Amarelo, telenovela que foi ao ar nos meses entre 1971 e 72, exibida pela TV Record. A trilha sonora foi especialmente composta por Fernando Lona e Gianfrancesco Guarnieri. Contou tamb\u00e9m com a participa\u00e7\u00e3o de Marilene e Vithal como cantores int\u00e9rpretes em v\u00e1rias faixas. Esse \u00faltimo, creio eu, viria mais tarde a ser conhecido como Vital Farias. Sem d\u00favida, uma trilha muito interessante, bem melhor que a pr\u00f3pria novela que pouco sucesso fez. Confiram no GTM\u00a0\ud83d\ude09<\/p>\n<div style=\"text-align: center;\">sol amarelo (tema de abertura) &#8211; orquestra<\/div>\n<div style=\"text-align: center;\">por amor eu me perdi &#8211; marilene<\/div>\n<div style=\"text-align: center;\">letra de ouro &#8211; vithal<\/div>\n<div style=\"text-align: center;\">sol amarelo (tema de amor) &#8211; orquestra<\/div>\n<div style=\"text-align: center;\">cantiga santa &#8211; marilene<\/div>\n<div style=\"text-align: center;\">c\u00e2ndida &#8211; fernando lona<\/div>\n<div style=\"text-align: center;\">sol amarelo (tema dram\u00e1tico) &#8211; orquestra<\/div>\n<div style=\"text-align: center;\">n\u00e3o tenho tempo de amor &#8211; vithal<\/div>\n<div style=\"text-align: center;\">sol amarelo &#8211; marilene e fernando lona<\/div>\n<div style=\"text-align: center;\">vila ros\u00e1rio &#8211; vithal<\/div>\n<div style=\"text-align: center;\">sol amarelo (tema de encerramento) &#8211; orquestra<\/div>\n<p style=\"text-align: center;\">\n.<\/p>\n","protected":false},"excerpt":{"rendered":"<p>Ol\u00e1, amigos cultos e ocultos! Conforme informei, nossas pr\u00f3ximas postagens ser\u00e3o dedicadas as trilhas de novelas. Devo ter umas meia d\u00fazia de discos aqui que ainda n\u00e3o postei. Ent\u00e3o vamos a eles&#8230; Hoje tem a trilha de Sol Amarelo, telenovela &hellip; <a href=\"https:\/\/www.toque-musicall.com\/?p=6282\">Continue lendo <span class=\"meta-nav\">&rarr;<\/span><\/a><\/p>\n","protected":false},"author":1,"featured_media":0,"comment_status":"open","ping_status":"closed","sticky":false,"template":"","format":"standard","meta":{"footnotes":""},"categories":[421,152,346],"tags":[],"class_list":["post-6282","post","type-post","status-publish","format-standard","hentry","category-fernando-lona","category-selo-copacabana","category-trilhas"],"_links":{"self":[{"href":"https:\/\/www.toque-musicall.com\/index.php?rest_route=\/wp\/v2\/posts\/6282","targetHints":{"allow":["GET"]}}],"collection":[{"href":"https:\/\/www.toque-musicall.com\/index.php?rest_route=\/wp\/v2\/posts"}],"about":[{"href":"https:\/\/www.toque-musicall.com\/index.php?rest_route=\/wp\/v2\/types\/post"}],"author":[{"embeddable":true,"href":"https:\/\/www.toque-musicall.com\/index.php?rest_route=\/wp\/v2\/users\/1"}],"replies":[{"embeddable":true,"href":"https:\/\/www.toque-musicall.com\/index.php?rest_route=%2Fwp%2Fv2%2Fcomments&post=6282"}],"version-history":[{"count":1,"href":"https:\/\/www.toque-musicall.com\/index.php?rest_route=\/wp\/v2\/posts\/6282\/revisions"}],"predecessor-version":[{"id":6283,"href":"https:\/\/www.toque-musicall.com\/index.php?rest_route=\/wp\/v2\/posts\/6282\/revisions\/6283"}],"wp:attachment":[{"href":"https:\/\/www.toque-musicall.com\/index.php?rest_route=%2Fwp%2Fv2%2Fmedia&parent=6282"}],"wp:term":[{"taxonomy":"category","embeddable":true,"href":"https:\/\/www.toque-musicall.com\/index.php?rest_route=%2Fwp%2Fv2%2Fcategories&post=6282"},{"taxonomy":"post_tag","embeddable":true,"href":"https:\/\/www.toque-musicall.com\/index.php?rest_route=%2Fwp%2Fv2%2Ftags&post=6282"}],"curies":[{"name":"wp","href":"https:\/\/api.w.org\/{rel}","templated":true}]}}