{"id":629,"date":"2010-11-21T00:01:00","date_gmt":"2010-11-21T00:01:00","guid":{"rendered":"http:\/\/www.toque-musicall.com\/?p=629"},"modified":"2010-11-21T00:01:00","modified_gmt":"2010-11-21T00:01:00","slug":"trio-esperanca-compacto-duplo-1972","status":"publish","type":"post","link":"https:\/\/www.toque-musicall.com\/?p=629","title":{"rendered":"Trio Esperan\u00e7a &#8211; Compacto Duplo (1972)"},"content":{"rendered":"<p><a href=\"http:\/\/1.bp.blogspot.com\/_DSKVEvHtskc\/TOhiqbL9ZCI\/AAAAAAAAHV0\/DOgzsWqo29E\/s1600\/trio+esperan%25C3%25A7a+P.JPG\"><img decoding=\"async\" style=\"TEXT-ALIGN: center; MARGIN: 0px auto 10px; WIDTH: 399px; DISPLAY: block; HEIGHT: 400px; CURSOR: hand\" id=\"BLOGGER_PHOTO_ID_5541787822471341090\" border=\"0\" alt=\"\" src=\"http:\/\/1.bp.blogspot.com\/_DSKVEvHtskc\/TOhiqbL9ZCI\/AAAAAAAAHV0\/DOgzsWqo29E\/s400\/trio+esperan%25C3%25A7a+P.JPG\" \/><\/a> Ent\u00e3o, para fechar o dia, segue aqui o compacto final. Vamos com o Trio Esperan\u00e7a interpretando quatro sucessos da \u00e9poca. Pessoalmente, eu gostei mais da vers\u00e3o para &#8220;Les rois mages&#8221; \ud83d\ude42<\/p>\n<div><\/div>\n<div align=\"center\">serafim e seus filhos<\/div>\n<div align=\"center\">os reis magos<\/div>\n<div align=\"center\">debaixo dos caracois dos seus cabelos<\/div>\n<div align=\"center\">se eu j\u00e1 n\u00e3o tenho amor<\/div>\n<div align=\"center\"><\/div>\n<div align=\"center\"><\/div>\n","protected":false},"excerpt":{"rendered":"<p>Ent\u00e3o, para fechar o dia, segue aqui o compacto final. Vamos com o Trio Esperan\u00e7a interpretando quatro sucessos da \u00e9poca. Pessoalmente, eu gostei mais da vers\u00e3o para &#8220;Les rois mages&#8221; \ud83d\ude42 serafim e seus filhos os reis magos debaixo dos &hellip; <a href=\"https:\/\/www.toque-musicall.com\/?p=629\">Continue lendo <span class=\"meta-nav\">&rarr;<\/span><\/a><\/p>\n","protected":false},"author":1,"featured_media":0,"comment_status":"open","ping_status":"closed","sticky":false,"template":"","format":"standard","meta":{"footnotes":""},"categories":[934],"tags":[],"class_list":["post-629","post","type-post","status-publish","format-standard","hentry","category-trio-esperanca"],"_links":{"self":[{"href":"https:\/\/www.toque-musicall.com\/index.php?rest_route=\/wp\/v2\/posts\/629","targetHints":{"allow":["GET"]}}],"collection":[{"href":"https:\/\/www.toque-musicall.com\/index.php?rest_route=\/wp\/v2\/posts"}],"about":[{"href":"https:\/\/www.toque-musicall.com\/index.php?rest_route=\/wp\/v2\/types\/post"}],"author":[{"embeddable":true,"href":"https:\/\/www.toque-musicall.com\/index.php?rest_route=\/wp\/v2\/users\/1"}],"replies":[{"embeddable":true,"href":"https:\/\/www.toque-musicall.com\/index.php?rest_route=%2Fwp%2Fv2%2Fcomments&post=629"}],"version-history":[{"count":0,"href":"https:\/\/www.toque-musicall.com\/index.php?rest_route=\/wp\/v2\/posts\/629\/revisions"}],"wp:attachment":[{"href":"https:\/\/www.toque-musicall.com\/index.php?rest_route=%2Fwp%2Fv2%2Fmedia&parent=629"}],"wp:term":[{"taxonomy":"category","embeddable":true,"href":"https:\/\/www.toque-musicall.com\/index.php?rest_route=%2Fwp%2Fv2%2Fcategories&post=629"},{"taxonomy":"post_tag","embeddable":true,"href":"https:\/\/www.toque-musicall.com\/index.php?rest_route=%2Fwp%2Fv2%2Ftags&post=629"}],"curies":[{"name":"wp","href":"https:\/\/api.w.org\/{rel}","templated":true}]}}