{"id":6290,"date":"2017-11-14T06:39:07","date_gmt":"2017-11-14T08:39:07","guid":{"rendered":"http:\/\/www.toque-musicall.com\/?p=6290"},"modified":"2017-11-16T07:05:41","modified_gmt":"2017-11-16T09:05:41","slug":"o-homem-que-deve-morrer-trilha-sonora-da-novela-1971","status":"publish","type":"post","link":"https:\/\/www.toque-musicall.com\/?p=6290","title":{"rendered":"O Homem Que Deve Morrer &#8211; Trilha Sonora Da Novela (1971)"},"content":{"rendered":"<p><img loading=\"lazy\" decoding=\"async\" class=\"aligncenter size-large\" src=\"https:\/\/1.bp.blogspot.com\/-XN3-K7DIh4Q\/WgztfULpQCI\/AAAAAAAAOlM\/M-ilvltFXjcvBtSACXvySniijoM3kOt1QCLcBGAs\/s640\/capap.JPG\" width=\"626\" height=\"640\" \/><img loading=\"lazy\" decoding=\"async\" class=\"aligncenter size-large\" src=\"https:\/\/3.bp.blogspot.com\/-CyVjNTxZYes\/WgztfehgviI\/AAAAAAAAOlQ\/ISjG-LZ6N-MwqnEdj9ujhv_pOZ87oJvGACLcBGAs\/s640\/contrap.JPG\" width=\"630\" height=\"640\" \/><\/p>\n<p>Olha amigu\u00edssimos cultos e ocultos. Ainda n\u00e3o achei um tempo para come\u00e7armos a incrementar nosso canal no Youtube. O tempo \u00e9 sempre o meu grande vil\u00e3o, a desculpa inevit\u00e1vel. Mas a gente ainda chega l\u00e1 \ud83d\ude42<br \/>\nHoje eu vou mandando um disco de trilha que \u00e9 impec\u00e1vel. Uma boa safra daquele in\u00edcio dos anos 70, quando as emissoras investiam fundo numa produ\u00e7\u00e3o musical para seus programas. Indiscutivelmente, a Rede Globo foi a grande investidora, trazendo muitas vezes trilhas originais, ou seja, feitas com exclusividade para um determinado programa, ou no caso aqui, novela.<br \/>\nO Homem Que Deve Morrer foi uma novela exibida entre os anos de 1971 a 72, trazendo como protagonistas o casal Tarc\u00edsio Meira e Gloria Menezes. Foi uma novela de grande sucesso e se estendeu por quase um ano. Ta\u00ed um disco de novela exemplar, que merece uma audi\u00e7\u00e3o. Confira no GTM \ud83d\ude09<\/p>\n<div style=\"text-align: center;\">menina do mar &#8211; marcos samy<\/div>\n<div style=\"text-align: center;\">por do sol &#8211; vanda e guto<\/div>\n<div style=\"text-align: center;\">solto no ar &#8211; sociedade an\u00f4nima<\/div>\n<div style=\"text-align: center;\">um de n\u00f3s &#8211; maria creusa<\/div>\n<div style=\"text-align: center;\">zambi rei &#8211; odylon<\/div>\n<div style=\"text-align: center;\">navegador &#8211; marcos samy<\/div>\n<div style=\"text-align: center;\">o homem que deve morrer &#8211; nonato buzar<\/div>\n<div style=\"text-align: center;\">wanda vital &#8211; o som livre<\/div>\n<div style=\"text-align: center;\">come to me together- otavio bonf\u00e1<\/div>\n<div style=\"text-align: center;\">um certo dia &#8211; ilka soares e o som livre<\/div>\n<div style=\"text-align: center;\">a lei da terra &#8211; luis carlos s<\/div>\n<div style=\"text-align: center;\">what greater gift could there be &#8211; guilherme lamounier<\/div>\n<div style=\"text-align: center;\">guerreiro jorge\u00a0 nery<\/div>\n<div style=\"text-align: center;\">o mesmo sol &#8211; tarc\u00edsio meira e gloria menezes<\/div>\n","protected":false},"excerpt":{"rendered":"<p>Olha amigu\u00edssimos cultos e ocultos. Ainda n\u00e3o achei um tempo para come\u00e7armos a incrementar nosso canal no Youtube. O tempo \u00e9 sempre o meu grande vil\u00e3o, a desculpa inevit\u00e1vel. Mas a gente ainda chega l\u00e1 \ud83d\ude42 Hoje eu vou mandando &hellip; <a href=\"https:\/\/www.toque-musicall.com\/?p=6290\">Continue lendo <span class=\"meta-nav\">&rarr;<\/span><\/a><\/p>\n","protected":false},"author":1,"featured_media":0,"comment_status":"open","ping_status":"closed","sticky":false,"template":"","format":"standard","meta":{"footnotes":""},"categories":[2922,66,346],"tags":[],"class_list":["post-6290","post","type-post","status-publish","format-standard","hentry","category-novela-o-homem-que-deve-morrer","category-selo-som-livre","category-trilhas"],"_links":{"self":[{"href":"https:\/\/www.toque-musicall.com\/index.php?rest_route=\/wp\/v2\/posts\/6290","targetHints":{"allow":["GET"]}}],"collection":[{"href":"https:\/\/www.toque-musicall.com\/index.php?rest_route=\/wp\/v2\/posts"}],"about":[{"href":"https:\/\/www.toque-musicall.com\/index.php?rest_route=\/wp\/v2\/types\/post"}],"author":[{"embeddable":true,"href":"https:\/\/www.toque-musicall.com\/index.php?rest_route=\/wp\/v2\/users\/1"}],"replies":[{"embeddable":true,"href":"https:\/\/www.toque-musicall.com\/index.php?rest_route=%2Fwp%2Fv2%2Fcomments&post=6290"}],"version-history":[{"count":3,"href":"https:\/\/www.toque-musicall.com\/index.php?rest_route=\/wp\/v2\/posts\/6290\/revisions"}],"predecessor-version":[{"id":6293,"href":"https:\/\/www.toque-musicall.com\/index.php?rest_route=\/wp\/v2\/posts\/6290\/revisions\/6293"}],"wp:attachment":[{"href":"https:\/\/www.toque-musicall.com\/index.php?rest_route=%2Fwp%2Fv2%2Fmedia&parent=6290"}],"wp:term":[{"taxonomy":"category","embeddable":true,"href":"https:\/\/www.toque-musicall.com\/index.php?rest_route=%2Fwp%2Fv2%2Fcategories&post=6290"},{"taxonomy":"post_tag","embeddable":true,"href":"https:\/\/www.toque-musicall.com\/index.php?rest_route=%2Fwp%2Fv2%2Ftags&post=6290"}],"curies":[{"name":"wp","href":"https:\/\/api.w.org\/{rel}","templated":true}]}}