{"id":63,"date":"2012-05-15T23:18:00","date_gmt":"2012-05-15T23:18:00","guid":{"rendered":"http:\/\/www.toque-musicall.com\/?p=63"},"modified":"2012-05-15T23:18:00","modified_gmt":"2012-05-15T23:18:00","slug":"tim-maia-racional-vol-1-1975","status":"publish","type":"post","link":"https:\/\/www.toque-musicall.com\/?p=63","title":{"rendered":"Tim Maia &#8211; Racional Vol. 1 (1975)"},"content":{"rendered":"<div style=\"clear: both; text-align: center;\"><a href=\"http:\/\/3.bp.blogspot.com\/-GwzMszh31LU\/T7Kre2IZ2cI\/AAAAAAAACKU\/4BtXq4lPEYg\/s1600\/capa+p.JPG\" style=\"margin-left: 1em; margin-right: 1em;\"><img loading=\"lazy\" decoding=\"async\" border=\"0\" height=\"400\" src=\"http:\/\/3.bp.blogspot.com\/-GwzMszh31LU\/T7Kre2IZ2cI\/AAAAAAAACKU\/4BtXq4lPEYg\/s400\/capa+p.JPG\" width=\"396\" \/><\/a><\/div>\n<div style=\"clear: both; text-align: center;\"><a href=\"http:\/\/2.bp.blogspot.com\/-tH3luazsxHs\/T7KrRhaZHFI\/AAAAAAAACKM\/tT_EdcNG0Hg\/s1600\/contracapa+p.JPG\" style=\"margin-left: 1em; margin-right: 1em;\"><img loading=\"lazy\" decoding=\"async\" border=\"0\" height=\"400\" src=\"http:\/\/2.bp.blogspot.com\/-tH3luazsxHs\/T7KrRhaZHFI\/AAAAAAAACKM\/tT_EdcNG0Hg\/s400\/contracapa+p.JPG\" width=\"393\" \/><\/a><\/div>\n<p>Ol\u00e1 amigos cultos, ocultos e associados! Hoje eu acordei meio que com vontade de ouvir o &#8216;swing&#8217; do Tim Maia, mais especificamente a m\u00fasica &#8220;Rational Culture&#8221;. Independente de qualquer que seja a mensagem, o instrumental deste disco \u00e9 \u00f3timo. Ningu\u00e9m melhor que o Tim Maia para assimilar a &#8216;black music&#8217; americana e neste lp ele est\u00e1 impec\u00e1vel, tanto na na cria\u00e7\u00e3o musical quanto na interpreta\u00e7\u00e3o. Nesta fase de sua vida art\u00edstica, enveredou-se para o lado da doutrina filos\u00f3fica-religiosa, Cultura Racional. Lan\u00e7ou de maneira independente dois discos cuja a tem\u00e1tica era toda voltada para as quest\u00f5es ligadas a doutrina do &#8216;homem do outro mundo&#8217;, Manuel Jacinto Coelho, fundador da Cultura Racional. Esta foi uma fase de auto recupera\u00e7\u00e3o do Tim. O cara se encantou com a filosofia Racional, deixando de lado aquela vida mundana de artista perdido na noite. Largou a bebida e outras drogas. De branco agora, s\u00f3 as suas vestimentas que passou a usar, em nome da &#8216;nova ordem&#8217;. Muitos de seus f\u00e3s passaram a v\u00ea-lo com descr\u00e9dito e at\u00e9 mesmo os meios de comunica\u00e7\u00e3o, como r\u00e1dio e tv. Se por um lado o Tim Maia estava parecendo um fan\u00e1tico religioso, com suas m\u00fasicas voltadas inteiramente para o doutrinamento, por outra, foi a fase onde ele conseguiu fazer sua melhor &#8216;black music&#8217;. Longe das drogas, com a cabe\u00e7a mais leve e mais sereno, ele estava cantando muito melhor. Pessoalmente, vejo, nesse sentido, um retorno aos bons tempos, uma pegada funk que nenhum outro artista nacional, metido a besta, conseguiu. Este volume 1 eu gosto mais do que o 2 (e o tr\u00eas). Ali\u00e1s, &#8220;Rational Culture&#8221; j\u00e1 vale o disco.\u00a0Grande Tim Maia! Figura\u00e7a!<\/p>\n<div style=\"text-align: center;\">imuniza\u00e7\u00e3o racional (que beleza)<\/div>\n<div style=\"text-align: center;\">o gr\u00e3o mestre varonil<\/div>\n<div style=\"text-align: center;\">bom senso<\/div>\n<div style=\"text-align: center;\">energia racional<\/div>\n<div style=\"text-align: center;\">leia o livro universo em desencanto<\/div>\n<div style=\"text-align: center;\">contato com o mundo racional<\/div>\n<div style=\"text-align: center;\">universo em desencanto<\/div>\n<div style=\"text-align: center;\">you don&#8217;t know what i know<\/div>\n<div style=\"text-align: center;\">rational culture<\/div>\n<div style=\"text-align: center;\"><\/div>\n","protected":false},"excerpt":{"rendered":"<p>Ol\u00e1 amigos cultos, ocultos e associados! Hoje eu acordei meio que com vontade de ouvir o &#8216;swing&#8217; do Tim Maia, mais especificamente a m\u00fasica &#8220;Rational Culture&#8221;. Independente de qualquer que seja a mensagem, o instrumental deste disco \u00e9 \u00f3timo. Ningu\u00e9m &hellip; <a href=\"https:\/\/www.toque-musicall.com\/?p=63\">Continue lendo <span class=\"meta-nav\">&rarr;<\/span><\/a><\/p>\n","protected":false},"author":1,"featured_media":0,"comment_status":"open","ping_status":"closed","sticky":false,"template":"","format":"standard","meta":{"footnotes":""},"categories":[25,88],"tags":[],"class_list":["post-63","post","type-post","status-publish","format-standard","hentry","category-selo-independente","category-tim-maia"],"_links":{"self":[{"href":"https:\/\/www.toque-musicall.com\/index.php?rest_route=\/wp\/v2\/posts\/63","targetHints":{"allow":["GET"]}}],"collection":[{"href":"https:\/\/www.toque-musicall.com\/index.php?rest_route=\/wp\/v2\/posts"}],"about":[{"href":"https:\/\/www.toque-musicall.com\/index.php?rest_route=\/wp\/v2\/types\/post"}],"author":[{"embeddable":true,"href":"https:\/\/www.toque-musicall.com\/index.php?rest_route=\/wp\/v2\/users\/1"}],"replies":[{"embeddable":true,"href":"https:\/\/www.toque-musicall.com\/index.php?rest_route=%2Fwp%2Fv2%2Fcomments&post=63"}],"version-history":[{"count":0,"href":"https:\/\/www.toque-musicall.com\/index.php?rest_route=\/wp\/v2\/posts\/63\/revisions"}],"wp:attachment":[{"href":"https:\/\/www.toque-musicall.com\/index.php?rest_route=%2Fwp%2Fv2%2Fmedia&parent=63"}],"wp:term":[{"taxonomy":"category","embeddable":true,"href":"https:\/\/www.toque-musicall.com\/index.php?rest_route=%2Fwp%2Fv2%2Fcategories&post=63"},{"taxonomy":"post_tag","embeddable":true,"href":"https:\/\/www.toque-musicall.com\/index.php?rest_route=%2Fwp%2Fv2%2Ftags&post=63"}],"curies":[{"name":"wp","href":"https:\/\/api.w.org\/{rel}","templated":true}]}}