{"id":6303,"date":"2017-11-24T22:52:06","date_gmt":"2017-11-25T00:52:06","guid":{"rendered":"http:\/\/www.toque-musicall.com\/?p=6303"},"modified":"2017-11-28T06:16:20","modified_gmt":"2017-11-28T08:16:20","slug":"assim-na-terra-como-no-ceu-trilha-sonora-original-da-novela1970","status":"publish","type":"post","link":"https:\/\/www.toque-musicall.com\/?p=6303","title":{"rendered":"Assim Na Terra Como No C\u00e9u &#8211; Trilha Sonora Original Da Novela(1970)"},"content":{"rendered":"<p><img loading=\"lazy\" decoding=\"async\" class=\"aligncenter size-large\" src=\"https:\/\/4.bp.blogspot.com\/--dp5vlik-rQ\/WhyuV3GssuI\/AAAAAAAAOng\/DASiKAgKN2cYKb8pczdKuUEyt6Qn6JR8QCLcBGAs\/s640\/capap.JPG\" width=\"639\" height=\"640\" \/><img loading=\"lazy\" decoding=\"async\" class=\"aligncenter size-large\" src=\"https:\/\/4.bp.blogspot.com\/-My0Rkkyvcc0\/WhyuWvNMoUI\/AAAAAAAAOnk\/GhIwtGuPTigZKM9xqdqNiNTWRrQdRhhFwCLcBGAs\/s640\/contrap.JPG\" width=\"640\" height=\"632\" \/><\/p>\n<p style=\"font-weight: 400;\">Dando prosseguimento a seu ciclo dedicado \u00e0s trilhas sonoras de novelas, o TM orgulhosamente oferece hoje, a seus amigos cultos e ocultos, o \u00e1lbum dedicado a mais um folhetim de sucesso da Rede Globo na era da TV em preto e branco: \u201cAssim na terra como no c\u00e9u\u201d, escrita por Dias Gomes para a faixa das 22 horas (hoje extinta), e d\u00e9cima-terceira \u201cnovela das dez\u201d produzida pela emissora. \u201cAssim na terra\u201d estreou em 20 de julho de 1970 e permaneceu em cartaz at\u00e9 23 de mar\u00e7o de 1971, perfazendo um total de 212 cap\u00edtulos. No elenco, sob a dire\u00e7\u00e3o de Walter Campos, verdadeiros astros e estrelas globais da \u00e9poca: Francisco Cuoco (padre V\u00edtor Mariano), Dina Sfat (Helo\u00edsa, conhecida como Hel\u00f4), Renata Sorrah (sim, ela mesma, a futura Nazar\u00e9 Tedesco de \u201cSenhora do destino\u201d, aqui no papel de N\u00edvea), M\u00e1rio Lago (Oliveira Ramos), Jardel Filho (Renat\u00e3o), Paulo Jos\u00e9 (Samuca, quase xar\u00e1 meu), Carlos Vereza (Ricardinho), Maria Cl\u00e1udia (Suzy), Sandra Br\u00e9a (Babi), Carlos Vereza (Ricardinho), Arlete Salles (Jurema),\u00a0 Henriqueta Brieba (tia Coi\u00f3), Herval Rossano (Otto), Djenane Machado (Verinha), Ary Fontoura (Rodolfo Augusto), Ruth de Souza (Isabel), Suzana Moraes (Joana) etc. Na trama, que se passa na Ipanema (ent\u00e3o) contempor\u00e2nea, o padre V\u00edtor Mariano, vindo do interior de S\u00e3o Paulo, \u00a0deixa a batina para se casar com a jovem N\u00edvea, mas ela \u00e9 misteriosamente assassinada (detalhe:\u00a0 Renata Sorrah, int\u00e9rprete de N\u00edvea, retornaria depois em outra novela global, \u201cA pr\u00f3xima atra\u00e7\u00e3o\u201d, no papel de Madalena). V\u00edtor decide ent\u00e3o voltar a usar a batina, por\u00e9m, ao tentar resolver o mist\u00e9rio do assassinato de N\u00edvea, conhece Hel\u00f4, filha de um milion\u00e1rio, e se apaixona por ela, deixando novamente de ser padre. Tudo isso embalado por uma trilha sonora, como ent\u00e3o de h\u00e1bito, muito bem produzida, aqui sob a responsabilidade dos \u201ccobras\u201d N\u00e9lson Motta e Roberto Menescal , com o lan\u00e7amento ficando por conta da Philips, gravadora que na \u00e9poca tinha grandes astros da MPB como contratados, alguns deles, por sinal, batendo ponto aqui. Os arranjos s\u00e3o do pr\u00f3prio Menescal, Jos\u00e9 Roberto, Waltel Branco, Ant\u00f4nio Adolfo e Pachequinho (este, na verdade, \u00e9 o maestro Diogo Pacheco). Sem d\u00favida, a faixa de maior sucesso desse disco foi \u201cQuarent\u00e3o simp\u00e1tico\u201d, dos irm\u00e3os Valle, interpretada pelo grupo vocal feminino Umas &amp; Outras e tema do personagem Renat\u00e3o. Elas tamb\u00e9m interpretam aqui o \u201cTema de Suzy\u201d(parceria de Roberto Menescal com Paulinho Tapaj\u00f3s) e \u201cTrem noturno\u201d (tema de meu quase xar\u00e1 Samuca, de Paulo Machado e M\u00e1rcio Borges, que creio eu ser o irm\u00e3o do L\u00f4 Borges).\u00a0 Maria Creuza, ent\u00e3o em princ\u00edpio de carreira, aqui nos oferece \u201cTomara\u201d, uma das poucas composi\u00e7\u00f5es do Poetinha Vin\u00edcius de Moraes na qual ele tamb\u00e9m assina a melodia, tema da personagem Joana. Temos ainda a presen\u00e7a luminosa de Claudette Soares em duas faixas: \u201cQuem viu Hel\u00f4?\u201d, da dupla Ant\u00f4nio Adolfo-Tib\u00e9rio Gaspar, e \u201cAmiga\u201d, esta \u00faltima em dueto com Ivan Lins, assinada pela dupla Roberto Menescal-Paulinho Tapaj\u00f3s, e tema do casal V\u00edtor-Hel\u00f4. Outro destaque fica por conta de Denise Emmer, filha de Dias Gomes, autor da novela, e Janete Clair, apresentando o \u201cTema verde\u201d, dela pr\u00f3pria em parceria com Guilherme. Enfim, mais uma grande produ\u00e7\u00e3o m\u00fasico-novelesca que o TM prazeirosamente nos oferece. E aguardem, ainda vai ter mais&#8230;<\/p>\n<p style=\"font-weight: 400; text-align: center;\">mon ami (abertura) &#8211; jos\u00e9 roberto<\/p>\n<p style=\"font-weight: 400; text-align: center;\">assim na terra como no c\u00e9u &#8211; tim maia<\/p>\n<p style=\"font-weight: 400; text-align: center;\">quem viu hel\u00f4 &#8211; claudette soares<\/p>\n<p style=\"font-weight: 400; text-align: center;\">tema de suzi &#8211; umas e outras<\/p>\n<p style=\"font-weight: 400; text-align: center;\">tomara &#8211; maria creuza<\/p>\n<p style=\"font-weight: 400; text-align: center;\">amiga &#8211; claudette soares e ivan lins<\/p>\n<p style=\"font-weight: 400; text-align: center;\">sei l\u00e1 &#8211; a tribo<\/p>\n<p style=\"font-weight: 400; text-align: center;\">quarent\u00e3o simp\u00e1tico &#8211; umas e outras<\/p>\n<p style=\"font-weight: 400; text-align: center;\">tema da zorra &#8211; orquestra cbd<\/p>\n<p style=\"font-weight: 400; text-align: center;\">tema verde &#8211; denize emmer<\/p>\n<p style=\"font-weight: 400; text-align: center;\">que sonhos s\u00e3o os meus -milton santana<\/p>\n<p style=\"font-weight: 400; text-align: center;\">trem noturno &#8211; umas e outras<\/p>\n<p style=\"font-weight: 400; text-align: center;\">assim na terra com no c\u00e9u &#8211; roberto menescal<\/p>\n<p style=\"font-weight: 400;\">*Texto de Samuel Machado Filho<\/p>\n","protected":false},"excerpt":{"rendered":"<p>Dando prosseguimento a seu ciclo dedicado \u00e0s trilhas sonoras de novelas, o TM orgulhosamente oferece hoje, a seus amigos cultos e ocultos, o \u00e1lbum dedicado a mais um folhetim de sucesso da Rede Globo na era da TV em preto &hellip; <a href=\"https:\/\/www.toque-musicall.com\/?p=6303\">Continue lendo <span class=\"meta-nav\">&rarr;<\/span><\/a><\/p>\n","protected":false},"author":1,"featured_media":0,"comment_status":"open","ping_status":"closed","sticky":false,"template":"","format":"standard","meta":{"footnotes":""},"categories":[2927,48,346],"tags":[],"class_list":["post-6303","post","type-post","status-publish","format-standard","hentry","category-novela-assim-na-terra-como-no-ceu","category-selo-philips","category-trilhas"],"_links":{"self":[{"href":"https:\/\/www.toque-musicall.com\/index.php?rest_route=\/wp\/v2\/posts\/6303","targetHints":{"allow":["GET"]}}],"collection":[{"href":"https:\/\/www.toque-musicall.com\/index.php?rest_route=\/wp\/v2\/posts"}],"about":[{"href":"https:\/\/www.toque-musicall.com\/index.php?rest_route=\/wp\/v2\/types\/post"}],"author":[{"embeddable":true,"href":"https:\/\/www.toque-musicall.com\/index.php?rest_route=\/wp\/v2\/users\/1"}],"replies":[{"embeddable":true,"href":"https:\/\/www.toque-musicall.com\/index.php?rest_route=%2Fwp%2Fv2%2Fcomments&post=6303"}],"version-history":[{"count":1,"href":"https:\/\/www.toque-musicall.com\/index.php?rest_route=\/wp\/v2\/posts\/6303\/revisions"}],"predecessor-version":[{"id":6304,"href":"https:\/\/www.toque-musicall.com\/index.php?rest_route=\/wp\/v2\/posts\/6303\/revisions\/6304"}],"wp:attachment":[{"href":"https:\/\/www.toque-musicall.com\/index.php?rest_route=%2Fwp%2Fv2%2Fmedia&parent=6303"}],"wp:term":[{"taxonomy":"category","embeddable":true,"href":"https:\/\/www.toque-musicall.com\/index.php?rest_route=%2Fwp%2Fv2%2Fcategories&post=6303"},{"taxonomy":"post_tag","embeddable":true,"href":"https:\/\/www.toque-musicall.com\/index.php?rest_route=%2Fwp%2Fv2%2Ftags&post=6303"}],"curies":[{"name":"wp","href":"https:\/\/api.w.org\/{rel}","templated":true}]}}