{"id":6305,"date":"2017-11-25T21:34:56","date_gmt":"2017-11-25T23:34:56","guid":{"rendered":"http:\/\/www.toque-musicall.com\/?p=6305"},"modified":"2017-11-29T21:44:36","modified_gmt":"2017-11-29T23:44:36","slug":"nossa-filha-gabriela-trilha-sonora-original-1972","status":"publish","type":"post","link":"https:\/\/www.toque-musicall.com\/?p=6305","title":{"rendered":"Nossa Filha Gabriela &#8211; Trilha Sonora Original (1972)"},"content":{"rendered":"<p><img loading=\"lazy\" decoding=\"async\" class=\"aligncenter size-large\" src=\"https:\/\/3.bp.blogspot.com\/-W9CdpPqTX3I\/Wh807Mpe57I\/AAAAAAAAOn0\/g5OOgMjylPIgKAArZ5OZZBWzHt1mnIo8gCLcBGAs\/s640\/capap.JPG\" width=\"634\" height=\"640\" \/><img loading=\"lazy\" decoding=\"async\" class=\"alignnone size-large\" src=\"https:\/\/3.bp.blogspot.com\/-sK3zVNiVl6Y\/Wh807EX_d8I\/AAAAAAAAOn4\/bT4Op2O8lU0vX6s07ZAV0sdGoX_Mqz5GwCLcBGAs\/s640\/contrap.JPG\" width=\"624\" height=\"640\" \/><\/p>\n<p>O Toque Musical prossegue seu ciclo dedicado \u00e0s trilhas sonoras de telenovelas oferecendo mais uma raridade. O folhetim hoje posto em foco \u00e9 \u201cNossa filha Gabriela\u201d, da extinta TV Tupi, escrito por Ivany Ribeiro, dirigido por Carlos Zara (que tamb\u00e9m interpretou o personagem Tito) e levado ao ar, ainda em preto e branco, de primeiro de setembro de 1971 a 4 de mar\u00e7o de 1972, totalizando 168 cap\u00edtulos. E com um \u00f3timo elenco, praticamente o mesmo da novela anterior de Ivany, \u201cO meu p\u00e9 de laranja lima\u201d (adaptada de romance de Jos\u00e9 Mauro de Vasconcelos):\u00a0 Eva Wilma (ent\u00e3o grande estrela da Tupi, no papel-t\u00edtulo), Gianfrancesco Guarnieri (Giuliano), Ivan Mesquita (Candinho), Abrah\u00e3o Farc (Romeu), Cl\u00e1udio Corr\u00eaa e Castro (Napole\u00e3o), L\u00e9lia Abramo (Donana), D\u00eanis Carvalho (Rodrigo), Geny Prado (ela mesma, a companheira de Mazzaropi no cinema, como Ros\u00e1ria), Bete Mendes (Rosana), etc. Na trama, Gabriela \u00e9 a estrela de um teatro mambembe que chega a uma pacata cidade e muda o comportamento de seus habitantes. Tr\u00eas simp\u00e1ticos velhinhos, Candinho, Romeu e Napole\u00e3o, disputam entre si a aten\u00e7\u00e3o de Gabriela. O que ela desconhece \u00e9 que, no passado, os velhinhos haviam se casado com trig\u00eameas, uma delas era sua m\u00e3e e um deles, seu pai. A\u00ed ent\u00e3o, os tr\u00eas passam a disputar a paternidade de Gabriela, um mist\u00e9rio que permaneceria at\u00e9 o fim da trama. O resultado foi uma hist\u00f3ria simples e divertida, que, curiosamente, iria se chamar \u201cA fazenda\u201d! Sim, esse foi o primeiro t\u00edtulo pensado para a novela, quando nem se imaginava que haveria um reality show com esse nome, tempos depois&#8230;\u00a0 Outra curiosidade \u00e9 que Ivany Ribeiro escreveria, em 1986, um remake de \u201cNossa filha Gabriela\u201d, produzido pela Globo, desta vez com o t\u00edtulo de \u201cHipertens\u00e3o\u201d, e no qual o velhinho Napole\u00e3o foi interpretado pelo mesmo ator da vers\u00e3o original, Cl\u00e1udio Corr\u00eaa e Castro. A trilha sonora de \u201cNossa filha Gabriela\u201d, que o TM oferece hoje a seus amigos cultos e ocultos, foi composta e interpretada pela dupla Toquinho e Vin\u00edcius de Moraes, ent\u00e3o fazendo enorme sucesso, e editada sob a chancela da Philips\/Phonogram (selo Polydor). Quer dizer, garantia de m\u00fasica de qualidade e de felizes reminisc\u00eancias para quem viveu essa \u00e9poca, e, por certo, agrad\u00e1vel surpresa para a gera\u00e7\u00e3o atual. Devidamente produzida por Cayon Gadia, e gravada em S\u00e3o Paulo nos Est\u00fadios Reunidos, a trilha teve os arranjos e reg\u00eancias a cargo de outro \u201ccobra\u201d, Jos\u00e9 Briamonte. Abrindo o disco, a conhecid\u00edssima \u201cSei l\u00e1, a vida tem sempre raz\u00e3o\u201d, tema principal da novela, interpretada por coro feminino. Entre as quatro faixas que o Poetinha Vin\u00edcius interpreta solo, dois destaques imperd\u00edveis: \u201cA casa\u201d e \u201cO pato\u201d, poemas infantis que Toquinho musicou, e que seriam mais tarde reaproveitados nos dois volumes da \u201cArca de No\u00e9\u201d, marcando gera\u00e7\u00f5es de crian\u00e7as ao longo do tempo. Vin\u00edcius ainda canta \u201cO c\u00e9u \u00e9 o meu ch\u00e3o\u201d e a \u201cValsa para uma menininha\u201d, al\u00e9m de interpretar \u201cA casa\u201d tamb\u00e9m em di\u00e1logo com Toquinho. Este se apresenta\u00a0 solo em \u201cModinha n\u00famero 1\u201d e \u201cAmor em solid\u00e3o\u201d, e junto com uma certa La\u00eds, canta \u201cEle e ela\u201d. \u201cO ce\u00fa \u00e9 o meu ch\u00e3o\u201d e \u201cModinha n\u00famero 1\u201d mereceram ainda vers\u00f5es instrumentais, tamb\u00e9m constantes deste disco. Completando o programa, outro tema exclusivamente instrumental, \u201cRosa desfolhada\u201d. Tudo com o alto padr\u00e3o t\u00e9cnico e art\u00edstico que sempre caracterizou as produ\u00e7\u00f5es da Philips\/Phonogram, fazendo da trilha sonora de \u201cNossa filha Gabriela\u201d um produto simples<a href=\"https:\/\/www.blogger.com\/null\" name=\"_GoBack\"><\/a>mente imperd\u00edvel. \u00c9 correr para o GTM, baixar e ouvir&#8230;<\/p>\n<div style=\"text-align: center;\">sei l\u00e1&#8230; a vida tem sempre raz\u00e3o<\/div>\n<div style=\"text-align: center;\">amor em solid\u00e3o<\/div>\n<div style=\"text-align: center;\">ele e ela<\/div>\n<div style=\"text-align: center;\">modinha #1<\/div>\n<div style=\"text-align: center;\">o c\u00e9u \u00e9 o meu ch\u00e3o<\/div>\n<div style=\"text-align: center;\">l\u00e1 casa (di\u00e1logo)<\/div>\n<div style=\"text-align: center;\">la casa<\/div>\n<div style=\"text-align: center;\">valsa para uma menininha<\/div>\n<div style=\"text-align: center;\">a rosa desfolhada<\/div>\n<div style=\"text-align: center;\">o pato<\/div>\n<div style=\"text-align: center;\">modinha #1<\/div>\n<p>*Texto de Samuel Machado Filho<\/p>\n","protected":false},"excerpt":{"rendered":"<p>O Toque Musical prossegue seu ciclo dedicado \u00e0s trilhas sonoras de telenovelas oferecendo mais uma raridade. O folhetim hoje posto em foco \u00e9 \u201cNossa filha Gabriela\u201d, da extinta TV Tupi, escrito por Ivany Ribeiro, dirigido por Carlos Zara (que tamb\u00e9m &hellip; <a href=\"https:\/\/www.toque-musicall.com\/?p=6305\">Continue lendo <span class=\"meta-nav\">&rarr;<\/span><\/a><\/p>\n","protected":false},"author":1,"featured_media":0,"comment_status":"open","ping_status":"closed","sticky":false,"template":"","format":"standard","meta":{"footnotes":""},"categories":[487,346,1119],"tags":[],"class_list":["post-6305","post","type-post","status-publish","format-standard","hentry","category-selo-gta","category-trilhas","category-vinicius-de-moraes"],"_links":{"self":[{"href":"https:\/\/www.toque-musicall.com\/index.php?rest_route=\/wp\/v2\/posts\/6305","targetHints":{"allow":["GET"]}}],"collection":[{"href":"https:\/\/www.toque-musicall.com\/index.php?rest_route=\/wp\/v2\/posts"}],"about":[{"href":"https:\/\/www.toque-musicall.com\/index.php?rest_route=\/wp\/v2\/types\/post"}],"author":[{"embeddable":true,"href":"https:\/\/www.toque-musicall.com\/index.php?rest_route=\/wp\/v2\/users\/1"}],"replies":[{"embeddable":true,"href":"https:\/\/www.toque-musicall.com\/index.php?rest_route=%2Fwp%2Fv2%2Fcomments&post=6305"}],"version-history":[{"count":1,"href":"https:\/\/www.toque-musicall.com\/index.php?rest_route=\/wp\/v2\/posts\/6305\/revisions"}],"predecessor-version":[{"id":6306,"href":"https:\/\/www.toque-musicall.com\/index.php?rest_route=\/wp\/v2\/posts\/6305\/revisions\/6306"}],"wp:attachment":[{"href":"https:\/\/www.toque-musicall.com\/index.php?rest_route=%2Fwp%2Fv2%2Fmedia&parent=6305"}],"wp:term":[{"taxonomy":"category","embeddable":true,"href":"https:\/\/www.toque-musicall.com\/index.php?rest_route=%2Fwp%2Fv2%2Fcategories&post=6305"},{"taxonomy":"post_tag","embeddable":true,"href":"https:\/\/www.toque-musicall.com\/index.php?rest_route=%2Fwp%2Fv2%2Ftags&post=6305"}],"curies":[{"name":"wp","href":"https:\/\/api.w.org\/{rel}","templated":true}]}}