{"id":6313,"date":"2017-11-30T21:42:10","date_gmt":"2017-11-30T23:42:10","guid":{"rendered":"http:\/\/www.toque-musicall.com\/?p=6313"},"modified":"2017-12-10T02:08:36","modified_gmt":"2017-12-10T04:08:36","slug":"rosa-baiana-trilha-sonora-original-da-novela-1981","status":"publish","type":"post","link":"https:\/\/www.toque-musicall.com\/?p=6313","title":{"rendered":"Rosa Baiana &#8211; Trilha Sonora Original Da Novela (1981)"},"content":{"rendered":"<p><img loading=\"lazy\" decoding=\"async\" class=\"aligncenter size-large\" src=\"https:\/\/3.bp.blogspot.com\/-Zb1oFKXl_E0\/WixtWZGf-iI\/AAAAAAAAOo8\/R7NhQJunIEwdHmkod82SQYoehyqbsyUPwCLcBGAs\/s640\/capap.JPG\" width=\"632\" height=\"640\" \/><img loading=\"lazy\" decoding=\"async\" class=\"aligncenter size-large\" src=\"https:\/\/1.bp.blogspot.com\/-GaZ9MjSlYHs\/WixtWIepVOI\/AAAAAAAAOo4\/sBQkk9c6FRYO3IleJIQS085G_3KKYVBDQCLcBGAs\/s640\/contrap.JPG\" width=\"640\" height=\"639\" \/><\/p>\n<p>No dia 13 de maio de 1967, era inaugurada em S\u00e3o Paulo a TV Bandeirantes, Canal 13, pertencente ao empres\u00e1rio Jo\u00e3o Jorge Saad, que seria convertida em rede nacional a partir de 1978, mais ou menos.\u00a0 Desde o in\u00edcio, a emissora investiu em esportes, filmes e jornalismo, trip\u00e9 que a caracterizou durante anos. J\u00e1 nos primeiros dias de funcionamento, a emissora, hoje conhecida pela corruptela Band, p\u00f4s no ar sua primeira novela: \u201cOs miser\u00e1veis\u201d, adapta\u00e7\u00e3o do romance hom\u00f4nimo do escritor franc\u00eas Victor Hugo, feita por Walther Negr\u00e3o e Chico de Assis, com uma inova\u00e7\u00e3o: cap\u00edtulos com 45 minutos de dura\u00e7\u00e3o. Nesse per\u00edodo, a Bandeirantes fez outras novelas, tais como \u201cEra preciso voltar\u201d e \u201cO bolha\u201d. Em 1970, um ano ap\u00f3s o desastroso inc\u00eandio que destruiu as instala\u00e7\u00f5es da Bandeirantes, encerrava-se o primeiro per\u00edodo de produ\u00e7\u00e3o teledramat\u00fargica da emissora do Morumbi. Em 1979, j\u00e1 convertida em rede nacional, a Band retomou a produ\u00e7\u00e3o de novelas, com \u201cCara a cara\u201d. Seguiram-se outros t\u00edtulos, tais como \u201cCavalo amarelo\u201d, \u201cNinho da serpente\u201d, \u201cO meu p\u00e9 de laranja-lima\u201d (remake de uma produ\u00e7\u00e3o da extinta Tupi, que a Band refaria novamente em 1998), \u201cMa\u00e7\u00e3 do amor\u201d, \u201cSabor de mel\u201d, \u201cOs imigrantes\u201d (talvez a novela de maior sucesso da emissora, e a que mais cap\u00edtulos teve, 459), \u201cOs adolescentes\u201d, \u201cCampe\u00e3o\u201d etc. Isso at\u00e9 meados da d\u00e9cada de 1980. Por volta de 1995, inicia-se o terceiro e \u00faltimo per\u00edodo de produ\u00e7\u00e3o novelesca da Band, com t\u00edtulos como \u201cA idade da loba\u201d, \u201cSerras azuis\u201d, \u201c\u00c1gua na boca\u201d e as infanto-juvenis \u201cFloribela\u201d e \u201cDance, dance, dance\u201d.\u00a0 Em 2008, a Band desistiu definitivamente da teledramaturgia de produ\u00e7\u00e3o pr\u00f3pria, e exibiu por algum tempo t\u00edtulos produzidos na Turquia, tais como \u201cFatmagul \u2013 A for\u00e7a do amor\u201d, \u201cMil e uma noites\u201d e \u201cSila, prisioneira do amor\u201d. \u00a0Pois hoje o TM oferece a seus amigos cultos e associados o \u00e1lbum com a trilha sonora de uma novela pertencente \u00e0 segunda fase teledramat\u00fargica da Bandeirantes. Trata-se de \u201cRosa baiana\u201d, escrita por Lauro C\u00e9sar Muniz (rec\u00e9m-sa\u00eddo da Globo, onde escrevera\u201cOs gigantes\u201d). Dirigida pelos experientes Waldemar de Moraes, Antonino Seabra e S\u00e9rgio Galv\u00e3o, que substitu\u00edram David Jos\u00e9, a novela estreou em 9 de fevereiro de 1981, substituindo a tumultuada \u201cUm homem muito especial\u201d, \u00a0e ficou em cartaz at\u00e9 30 de julho do mesmo ano, com um total de 141 cap\u00edtulos (90 deles totalmente gravados em loca\u00e7\u00f5es).\u00a0 A trama tinha como pano de fundo os campos de petr\u00f3leo da Bahia, e teve at\u00e9 mesmo o patroc\u00ednio da Petrobras! L\u00e1, vive a personagem-t\u00edtulo,\u00a0 interpretada por Nancy Wanderley, primeira esposa do comediante Chico Anysio, com os problemas de seus sete filhos: Agenor (Gianfrancesco Guarnieri), Ivan (Edgard Franco), Orestes (Walter Prado), Walter (Raimundo de Souza), Edinho (Taumaturgo Ferreira), Br\u00e1ulio (Maur\u00edcio do Valle) e Cl\u00e1udia (Wanda Stef\u00e2nia). Rosa espera que, um dia, Edmundo Lua Nova (Rafael de Carvalho), seu companheiro e pai de seus filhos, retorne novamente para casa. Ainda no elenco estavam Maria Luiza Castelli(Neide), Jo\u00e3o Signorelli\u00a0 (Roberto), Jofre Soares (Frei Dami\u00e3o) e Ana Maria Magalh\u00e3es (Nat\u00e1lia), entre outros. Em meio \u00e0s grava\u00e7\u00f5es da novela, no dia 3 de maio de 1981. Rafael de Carvalho, o Edmundo Lua Nova, morreu de infarto. Por\u00e9m, Lauro C\u00e9sar Muniz descartou a hip\u00f3tese de matar o personagem ou substitu\u00edr o ator. Assim sendo, ele fez Edmundo abandonar sua fam\u00edlia, deixando a trama, retornando ao final em um show de circo, gravado antes do falecimento de Rafael (e com a presen\u00e7a dele<a href=\"https:\/\/www.blogger.com\/null\" name=\"_GoBack\"><\/a>, \u00e9 l\u00f3gico). Pois c\u00e1 est\u00e1 a trilha sonora de \u201cRosa baiana\u201d, devidamente editada pela Bandeirantes Discos, sob o selo Clack. Com sonoplastia do \u201ccobra\u201d Salatiel Coelho, e sob a coordena\u00e7\u00e3o de produ\u00e7\u00e3o de Renato Viola, \u00e9 um trabalho bem cuidado at\u00e9 mesmo graficamente, com uma capa dupla que mostra uma bela vista a\u00e9rea do litoral soteropolitano. No disco, encontramos preciosidades como \u201cZanzibar (As cores)\u201d, com\u00a0 A Cor do Som, que at\u00e9 fez sucesso na \u00e9poca, \u201cA vendinha da feira\u201d, com Z\u00e9 do Bai\u00e3o, \u201cHora de ser crian\u00e7a\u201d, com D\u00e9lcio Carvalho, \u201cEstrela-guia\u201d, com Joanna, \u201cLitetratura de cordel\u201d, com o Grupo Terra, e a faixa-t\u00edtulo, \u201cRosa baiana\u201d, interpretada por Xangai. Encerrando o \u00e1lbum com chave de ouro, uma vers\u00e3o instrumental da imorredoura \u201cAsa branca\u201d, de Luiz Gonzaga e Humberto Teixeira, pela Banda Bandeirantes. \u00c9 mais um trabalho de qualidade a integrar, merecidamente, a retrospectiva m\u00fasico-novelesca de nosso TM. \u00c9 s\u00f3 conferir&#8230;<\/p>\n<div style=\"text-align: center;\">rosa baiana &#8211; xangai<\/div>\n<div style=\"text-align: center;\">zanzibar &#8211; a cor do som<\/div>\n<div style=\"text-align: center;\">desci ladeira &#8211; odair cabe\u00e7a de poeta<\/div>\n<div style=\"text-align: center;\">literatura de cordel &#8211; grupo terra<\/div>\n<div style=\"text-align: center;\">zumbi &#8211; grupo agreste<\/div>\n<div style=\"text-align: center;\">maracan\u00e3 &#8211; ponte aerea<\/div>\n<div style=\"text-align: center;\">estrela guia -joana<\/div>\n<div style=\"text-align: center;\">hora de ser crian\u00e7a &#8211; delcio carvalho<\/div>\n<div style=\"text-align: center;\">desencontro &#8211; barca do sol<\/div>\n<div style=\"text-align: center;\">ja\u00edba &#8211; grupo agreste<\/div>\n<div style=\"text-align: center;\">a vendinha da feira &#8211; z\u00e9 do bai\u00e3o<\/div>\n<div style=\"text-align: center;\">asa branca &#8211; banda bandeirantes<\/div>\n<p>*Texto de Samuel Machado Filho<\/p>\n","protected":false},"excerpt":{"rendered":"<p>No dia 13 de maio de 1967, era inaugurada em S\u00e3o Paulo a TV Bandeirantes, Canal 13, pertencente ao empres\u00e1rio Jo\u00e3o Jorge Saad, que seria convertida em rede nacional a partir de 1978, mais ou menos.\u00a0 Desde o in\u00edcio, a &hellip; <a href=\"https:\/\/www.toque-musicall.com\/?p=6313\">Continue lendo <span class=\"meta-nav\">&rarr;<\/span><\/a><\/p>\n","protected":false},"author":1,"featured_media":0,"comment_status":"open","ping_status":"closed","sticky":false,"template":"","format":"standard","meta":{"footnotes":""},"categories":[2930,2452,346],"tags":[],"class_list":["post-6313","post","type-post","status-publish","format-standard","hentry","category-novela-rosa-baiana","category-selo-clack","category-trilhas"],"_links":{"self":[{"href":"https:\/\/www.toque-musicall.com\/index.php?rest_route=\/wp\/v2\/posts\/6313","targetHints":{"allow":["GET"]}}],"collection":[{"href":"https:\/\/www.toque-musicall.com\/index.php?rest_route=\/wp\/v2\/posts"}],"about":[{"href":"https:\/\/www.toque-musicall.com\/index.php?rest_route=\/wp\/v2\/types\/post"}],"author":[{"embeddable":true,"href":"https:\/\/www.toque-musicall.com\/index.php?rest_route=\/wp\/v2\/users\/1"}],"replies":[{"embeddable":true,"href":"https:\/\/www.toque-musicall.com\/index.php?rest_route=%2Fwp%2Fv2%2Fcomments&post=6313"}],"version-history":[{"count":1,"href":"https:\/\/www.toque-musicall.com\/index.php?rest_route=\/wp\/v2\/posts\/6313\/revisions"}],"predecessor-version":[{"id":6314,"href":"https:\/\/www.toque-musicall.com\/index.php?rest_route=\/wp\/v2\/posts\/6313\/revisions\/6314"}],"wp:attachment":[{"href":"https:\/\/www.toque-musicall.com\/index.php?rest_route=%2Fwp%2Fv2%2Fmedia&parent=6313"}],"wp:term":[{"taxonomy":"category","embeddable":true,"href":"https:\/\/www.toque-musicall.com\/index.php?rest_route=%2Fwp%2Fv2%2Fcategories&post=6313"},{"taxonomy":"post_tag","embeddable":true,"href":"https:\/\/www.toque-musicall.com\/index.php?rest_route=%2Fwp%2Fv2%2Ftags&post=6313"}],"curies":[{"name":"wp","href":"https:\/\/api.w.org\/{rel}","templated":true}]}}