{"id":6318,"date":"2017-12-19T23:43:40","date_gmt":"2017-12-20T01:43:40","guid":{"rendered":"http:\/\/www.toque-musicall.com\/?p=6318"},"modified":"2017-12-19T23:43:40","modified_gmt":"2017-12-20T01:43:40","slug":"voce-e-o-artista-1962","status":"publish","type":"post","link":"https:\/\/www.toque-musicall.com\/?p=6318","title":{"rendered":"Voc\u00ea \u00c9 O Artista (1962)"},"content":{"rendered":"<p><img loading=\"lazy\" decoding=\"async\" class=\"aligncenter size-large\" src=\"https:\/\/4.bp.blogspot.com\/-9j22IGOEib8\/Wjmw16jxlcI\/AAAAAAAAOpo\/Ixc-aL-u2QMfgmODbnkk_Ss-Z7UaLd80QCLcBGAs\/s640\/capap.JPG\" width=\"637\" height=\"640\" \/><img loading=\"lazy\" decoding=\"async\" class=\"aligncenter size-large\" src=\"https:\/\/4.bp.blogspot.com\/-uv1ejF7ZuAI\/Wjmw1qzXHYI\/AAAAAAAAOpk\/vl9wap6nZIkFx5-3HZrzQz29r7dnNGNTgCLcBGAs\/s640\/contrap.JPG\" width=\"629\" height=\"640\" \/><\/p>\n<p>Ol\u00e1, amigos cultos e ocultos! Depois que terminamos as postagens das trilhas de novelas, n\u00e3o achei mais um momento para selecionar coisas interessantes e fazermos valer o \u00faltimo m\u00eas do ano. Normalmente, nessa \u00e9poca, estar\u00edamos aqui pipocando com novas e boas postagens, celebrando Natal e Ano Novo. Mas, qual nada&#8230; Os tempos s\u00e3o outros e muitos por aqui j\u00e1 abandonaram o barco, novas embarca\u00e7\u00f5es chegaram&#8230; Em outras palavras, o que oferece o Toque Musical, hoje perdeu o sentido. N\u00e3o h\u00e1 mais a febre de buscar, de baixar, de conhecer&#8230; Os tempos s\u00e3o outros e o &#8216;ibope&#8217; por aqui vai s\u00f3 descendo. Desestimulado, mantenho tudo isso apenas para n\u00e3o parar de vez, sigo agora sem obriga\u00e7\u00f5es, postando quando der&#8230;<br \/>\nE antes que 2017 acabe, aqui vai uma raridade bem ao estilo do Toque Musical. Um disco t\u00e3o raro que at\u00e9 hoje nunca o vi anunciado\/publicado em sites ou blogs com o nosso. Ali\u00e1s, at\u00e9 bem pouco tempo eu nem sabia da exist\u00eancia deste lp. Mas afinal, o que tem ele de interessante, de especial? Muito bem, aqui temos um precursor do chamado disco de karaok\u00ea. Um lp lan\u00e7ado pela Companhia Brasileira de Discos, atrav\u00e9s do selo Philips, no in\u00edcio dos anos 60. Trata-se de um disco curioso, pois traz seis m\u00fasicas da ent\u00e3o moderna Bossa Nova interpretada por seis artista do cast da gravadora: S\u00f4nia Delfino, Carlos Lyra, La\u00eds, Vera L\u00facia, L\u00facio Alves e Silvia Telles. Aqui esses artistas cantam e convidam o ouvinte para cantar tamb\u00e9m e para tanto, trazem sempre na sequ\u00eancia uma outra faixa apenas com a m\u00fasica no instrumental. Parece ser simples acompanhar cantando numa orquestra (isso para n\u00e3o falarmos na afina\u00e7\u00e3o), mas na verdade \u00e9 dif\u00edcil pra caramba. Karaok\u00ea bom \u00e9 aquele que traz a coisa bem direta. As nuances aqui, nas m\u00fasicas desse disco, s\u00e3o bem complexas e s\u00f3 mesmo um cantor de verdade (ou os pr\u00f3prios) saber\u00e3o interpret\u00e1-las de maneira perfeita.<br \/>\nE no geral, o disco \u00e9 bem legal. Recomendo ;)\\<\/p>\n<div style=\"text-align: center;\">tome continha de voc\u00ea &#8211; s\u00f4nia delfino<\/div>\n<div style=\"text-align: center;\">tome continha de voc\u00ea &#8211; para voc\u00ea cantar<\/div>\n<div style=\"text-align: center;\">chora tua tristeza &#8211; carlos lyra<\/div>\n<div style=\"text-align: center;\">chora tua tristeza &#8211; para voc\u00ea cantar<\/div>\n<div style=\"text-align: center;\">patinho feio &#8211; lais<\/div>\n<div style=\"text-align: center;\">patinho feio &#8211; para voc\u00ea cantar<\/div>\n<div style=\"text-align: center;\">leva-me contigo &#8211; vera l\u00facia<\/div>\n<div style=\"text-align: center;\">leva-me contigo &#8211; para voc\u00ea cantar<\/div>\n<div style=\"text-align: center;\">dindi &#8211; l\u00facio alves<\/div>\n<div style=\"text-align: center;\">dindi &#8211; para voc\u00ea cantar<\/div>\n<div style=\"text-align: center;\">samba de uma nota s\u00f3 &#8211; silvia telles<\/div>\n<div style=\"text-align: center;\">samba de uma nota s\u00f3 &#8211; para voc\u00ea cantar<\/div>\n<div><\/div>\n<div>.<\/div>\n","protected":false},"excerpt":{"rendered":"<p>Ol\u00e1, amigos cultos e ocultos! Depois que terminamos as postagens das trilhas de novelas, n\u00e3o achei mais um momento para selecionar coisas interessantes e fazermos valer o \u00faltimo m\u00eas do ano. Normalmente, nessa \u00e9poca, estar\u00edamos aqui pipocando com novas e &hellip; <a href=\"https:\/\/www.toque-musicall.com\/?p=6318\">Continue lendo <span class=\"meta-nav\">&rarr;<\/span><\/a><\/p>\n","protected":false},"author":1,"featured_media":0,"comment_status":"open","ping_status":"closed","sticky":false,"template":"","format":"standard","meta":{"footnotes":""},"categories":[588,645,48,1522,651,610],"tags":[],"class_list":["post-6318","post","type-post","status-publish","format-standard","hentry","category-carlos-lyra","category-lucio-alves","category-selo-philips","category-silvia-telles","category-sonia-delfino","category-verinha-lucia"],"_links":{"self":[{"href":"https:\/\/www.toque-musicall.com\/index.php?rest_route=\/wp\/v2\/posts\/6318","targetHints":{"allow":["GET"]}}],"collection":[{"href":"https:\/\/www.toque-musicall.com\/index.php?rest_route=\/wp\/v2\/posts"}],"about":[{"href":"https:\/\/www.toque-musicall.com\/index.php?rest_route=\/wp\/v2\/types\/post"}],"author":[{"embeddable":true,"href":"https:\/\/www.toque-musicall.com\/index.php?rest_route=\/wp\/v2\/users\/1"}],"replies":[{"embeddable":true,"href":"https:\/\/www.toque-musicall.com\/index.php?rest_route=%2Fwp%2Fv2%2Fcomments&post=6318"}],"version-history":[{"count":1,"href":"https:\/\/www.toque-musicall.com\/index.php?rest_route=\/wp\/v2\/posts\/6318\/revisions"}],"predecessor-version":[{"id":6319,"href":"https:\/\/www.toque-musicall.com\/index.php?rest_route=\/wp\/v2\/posts\/6318\/revisions\/6319"}],"wp:attachment":[{"href":"https:\/\/www.toque-musicall.com\/index.php?rest_route=%2Fwp%2Fv2%2Fmedia&parent=6318"}],"wp:term":[{"taxonomy":"category","embeddable":true,"href":"https:\/\/www.toque-musicall.com\/index.php?rest_route=%2Fwp%2Fv2%2Fcategories&post=6318"},{"taxonomy":"post_tag","embeddable":true,"href":"https:\/\/www.toque-musicall.com\/index.php?rest_route=%2Fwp%2Fv2%2Ftags&post=6318"}],"curies":[{"name":"wp","href":"https:\/\/api.w.org\/{rel}","templated":true}]}}