{"id":632,"date":"2010-11-19T01:36:00","date_gmt":"2010-11-19T01:36:00","guid":{"rendered":"http:\/\/www.toque-musicall.com\/?p=632"},"modified":"2010-11-19T01:36:00","modified_gmt":"2010-11-19T01:36:00","slug":"djalma-dias-compacto-duplo-1971","status":"publish","type":"post","link":"https:\/\/www.toque-musicall.com\/?p=632","title":{"rendered":"Djalma Dias &#8211; Compacto Duplo (1971)"},"content":{"rendered":"<p><a href=\"http:\/\/2.bp.blogspot.com\/_DSKVEvHtskc\/TOXZOwaf5BI\/AAAAAAAAHVQ\/4n0kTOk00-Q\/s1600\/djalma+Fp.JPG\"><img decoding=\"async\" style=\"TEXT-ALIGN: center; MARGIN: 0px auto 10px; WIDTH: 400px; DISPLAY: block; HEIGHT: 394px; CURSOR: hand\" id=\"BLOGGER_PHOTO_ID_5541073764086703122\" border=\"0\" alt=\"\" src=\"http:\/\/2.bp.blogspot.com\/_DSKVEvHtskc\/TOXZOwaf5BI\/AAAAAAAAHVQ\/4n0kTOk00-Q\/s400\/djalma+Fp.JPG\" \/><\/a>Como no dia de ontem, as coisas se repetem&#8230; Faltou tempo e uma Internet de verdade no hotel, isso aqui s\u00f3 serve mesmo para ler e-mail e olhe l\u00e1&#8230;<br \/>Para hoje, ainda do pacote, temos este raro compacto duplo do Djalma Dias. Voc\u00eas se lembram dele? Porque se procurarem na rede, n\u00e3o ir\u00e3o encontrar muita coisa. Ali\u00e1s ao digitar o seu nome encontraremos apenas refer\u00eancias ao grande jogador de futebol dos anos 60 (Galooo!!!). Mas foi tamb\u00e9m nesta d\u00e9cada que surgiu o cantor. Djalma foi cantor de boate, int\u00e9rprete vitorioso em festivais e de trilhas de novelas da Rede Globo. Gravou diversos sucessos, entre os mais famosos temos &#8220;Capit\u00e3o de Ind\u00fastria&#8221;, de Marcos e Paulo S\u00e9rgio Valle para a novela &#8220;Selva de Pedra&#8221;. Ali\u00e1s, \u00e9 bom dizer, Djalma gravou diversas m\u00fasicas dos irm\u00e3os Valle. Isso muito se deve ao fato de que Marcos Valle tinha contrato com a Som Livre, era um dos principais compositores para os programas da Globo e Djalma Dias era tamb\u00e9m contratado, principalmente como cantor e atuando em coros de trilhas e especiais da emissora. Ele gravou v\u00e1rios discos, os quais ainda hoje s\u00e3o dif\u00edceis de ver (e ouvir) na blogosfera. Aqui no Toque Musical voc\u00eas poder\u00e3o encontrar a participa\u00e7\u00e3o do cantor no rar\u00edssimo disco <a href=\"http:\/\/toque-musicall.blogspot.com\/search\/label\/Djalma%20Dias\">&#8220;Uma noite no Beco&#8221;<\/a> e neste compacto duplo, da Som Livre. Reparem que o disquinho traz duas m\u00fasicas dos Valle, &#8220;Rosto barbado e Burgu\u00eas fino trato&#8221;, essa \u00faltima em parceria com Jo\u00e3o Donato. Tem tamb\u00e9m o samba &#8220;Ningu\u00e9m tasca&#8221;, que se tornou um grande sucesso popular e outro, &#8220;Maria Jos\u00e9&#8221;. De quebra, inclu\u00ed como b\u00f4nus, mais uma extra&#8230; &#8220;Nada sei de preconceito&#8221;, de Leci Brand\u00e3o. Confiram&#8230;<\/p>\n<div align=\"center\">ningu\u00e9m tasca<\/div>\n<div align=\"center\">bugu\u00eas fino trato<\/div>\n<div align=\"center\">rosto barbado<\/div>\n<div align=\"center\">maria jos\u00e9<\/div>\n<div align=\"center\">nada sei de preconceito<\/div>\n<div align=\"center\"><\/div>\n<div align=\"center\"><\/div>\n","protected":false},"excerpt":{"rendered":"<p>Como no dia de ontem, as coisas se repetem&#8230; Faltou tempo e uma Internet de verdade no hotel, isso aqui s\u00f3 serve mesmo para ler e-mail e olhe l\u00e1&#8230;Para hoje, ainda do pacote, temos este raro compacto duplo do Djalma &hellip; <a href=\"https:\/\/www.toque-musicall.com\/?p=632\">Continue lendo <span class=\"meta-nav\">&rarr;<\/span><\/a><\/p>\n","protected":false},"author":1,"featured_media":0,"comment_status":"open","ping_status":"closed","sticky":false,"template":"","format":"standard","meta":{"footnotes":""},"categories":[936],"tags":[],"class_list":["post-632","post","type-post","status-publish","format-standard","hentry","category-djalma-dias"],"_links":{"self":[{"href":"https:\/\/www.toque-musicall.com\/index.php?rest_route=\/wp\/v2\/posts\/632","targetHints":{"allow":["GET"]}}],"collection":[{"href":"https:\/\/www.toque-musicall.com\/index.php?rest_route=\/wp\/v2\/posts"}],"about":[{"href":"https:\/\/www.toque-musicall.com\/index.php?rest_route=\/wp\/v2\/types\/post"}],"author":[{"embeddable":true,"href":"https:\/\/www.toque-musicall.com\/index.php?rest_route=\/wp\/v2\/users\/1"}],"replies":[{"embeddable":true,"href":"https:\/\/www.toque-musicall.com\/index.php?rest_route=%2Fwp%2Fv2%2Fcomments&post=632"}],"version-history":[{"count":0,"href":"https:\/\/www.toque-musicall.com\/index.php?rest_route=\/wp\/v2\/posts\/632\/revisions"}],"wp:attachment":[{"href":"https:\/\/www.toque-musicall.com\/index.php?rest_route=%2Fwp%2Fv2%2Fmedia&parent=632"}],"wp:term":[{"taxonomy":"category","embeddable":true,"href":"https:\/\/www.toque-musicall.com\/index.php?rest_route=%2Fwp%2Fv2%2Fcategories&post=632"},{"taxonomy":"post_tag","embeddable":true,"href":"https:\/\/www.toque-musicall.com\/index.php?rest_route=%2Fwp%2Fv2%2Ftags&post=632"}],"curies":[{"name":"wp","href":"https:\/\/api.w.org\/{rel}","templated":true}]}}