{"id":633,"date":"2010-11-18T09:06:00","date_gmt":"2010-11-18T09:06:00","guid":{"rendered":"http:\/\/www.toque-musicall.com\/?p=633"},"modified":"2010-11-18T09:06:00","modified_gmt":"2010-11-18T09:06:00","slug":"tamba-trio-tempo-1964","status":"publish","type":"post","link":"https:\/\/www.toque-musicall.com\/?p=633","title":{"rendered":"Tamba Trio &#8211; Tempo (1964)"},"content":{"rendered":"<p><a href=\"http:\/\/3.bp.blogspot.com\/_DSKVEvHtskc\/TOTtQ5ctNXI\/AAAAAAAAHVE\/Pw2Yd_oSVBU\/s1600\/tamba+trio+P.JPG\"><img decoding=\"async\" style=\"TEXT-ALIGN: center; MARGIN: 0px auto 10px; WIDTH: 400px; DISPLAY: block; HEIGHT: 398px; CURSOR: hand\" id=\"BLOGGER_PHOTO_ID_5540814316127466866\" border=\"0\" alt=\"\" src=\"http:\/\/3.bp.blogspot.com\/_DSKVEvHtskc\/TOTtQ5ctNXI\/AAAAAAAAHVE\/Pw2Yd_oSVBU\/s400\/tamba+trio+P.JPG\" \/><\/a> Bom dia! Ontem eu cheguei cansado e babando de sono. Tentei postar o compacto prometido, usando o computador do hotel, mas a conex\u00e3o estava t\u00e3o lenta que acabei desistindo. S\u00f3 consegui um contato medi\u00fanico para o toque hoje cedo.<br \/>Vamos desta vez com Tamba Trio em seu delicioso \u00e1lbum &#8220;Tempo&#8221;. Ta\u00ed um disco que eu sempre quis postar aqui no blog, mas ele acabou se perdendo entre tantos outros tamb\u00e9m na mesma situa\u00e7\u00e3o. Acabou vindo para no gavet\u00e3o, virou uma postagem de gaveta, esperando a hora exata para entrar.<br \/>&#8220;Tempo&#8221; foi o terceiro \u00e1lbum do grupo e tamb\u00e9m o \u00faltimo formado por Luiz E\u00e7a, Bebeto Castilho e H\u00e9lcio Milito. No lugar de H\u00e9lcio entraria em seguida o Rubens Ohana. Milito s\u00f3 voltaria nos anos 70. Pessoalmente, eu gosto mais dessa primeira fase e dos discos onde a uma forte presen\u00e7a vocal. &#8220;Tempo&#8221; \u00e9 assim, um lp com um repert\u00f3rio bel\u00edssimo para tocar e cantar. Quem ainda n\u00e3o o ouviu por a\u00ed, tem agora a chance de ouv\u00ed-lo aqui. Confiram&#8230;<\/p>\n<div align=\"center\">borand\u00e1<\/div>\n<div align=\"center\">nuvens<\/div>\n<div align=\"center\">se eu pudesse voltar<\/div>\n<div align=\"center\">barumba<\/div>\n<div align=\"center\">preg\u00e3o<\/div>\n<div align=\"center\">danielle<\/div>\n<div align=\"center\">berimbau<\/div>\n<div align=\"center\">o amor em paz<\/div>\n<div align=\"center\">a morte de um deus de sal<\/div>\n<div align=\"center\">yans\u00e3<\/div>\n<div align=\"center\">consola\u00e7\u00e3o<\/div>\n<div align=\"center\">moto cont\u00ednuo<\/div>\n","protected":false},"excerpt":{"rendered":"<p>Bom dia! Ontem eu cheguei cansado e babando de sono. Tentei postar o compacto prometido, usando o computador do hotel, mas a conex\u00e3o estava t\u00e3o lenta que acabei desistindo. S\u00f3 consegui um contato medi\u00fanico para o toque hoje cedo.Vamos desta &hellip; <a href=\"https:\/\/www.toque-musicall.com\/?p=633\">Continue lendo <span class=\"meta-nav\">&rarr;<\/span><\/a><\/p>\n","protected":false},"author":1,"featured_media":0,"comment_status":"open","ping_status":"closed","sticky":false,"template":"","format":"standard","meta":{"footnotes":""},"categories":[294],"tags":[],"class_list":["post-633","post","type-post","status-publish","format-standard","hentry","category-tamba-trio"],"_links":{"self":[{"href":"https:\/\/www.toque-musicall.com\/index.php?rest_route=\/wp\/v2\/posts\/633","targetHints":{"allow":["GET"]}}],"collection":[{"href":"https:\/\/www.toque-musicall.com\/index.php?rest_route=\/wp\/v2\/posts"}],"about":[{"href":"https:\/\/www.toque-musicall.com\/index.php?rest_route=\/wp\/v2\/types\/post"}],"author":[{"embeddable":true,"href":"https:\/\/www.toque-musicall.com\/index.php?rest_route=\/wp\/v2\/users\/1"}],"replies":[{"embeddable":true,"href":"https:\/\/www.toque-musicall.com\/index.php?rest_route=%2Fwp%2Fv2%2Fcomments&post=633"}],"version-history":[{"count":0,"href":"https:\/\/www.toque-musicall.com\/index.php?rest_route=\/wp\/v2\/posts\/633\/revisions"}],"wp:attachment":[{"href":"https:\/\/www.toque-musicall.com\/index.php?rest_route=%2Fwp%2Fv2%2Fmedia&parent=633"}],"wp:term":[{"taxonomy":"category","embeddable":true,"href":"https:\/\/www.toque-musicall.com\/index.php?rest_route=%2Fwp%2Fv2%2Fcategories&post=633"},{"taxonomy":"post_tag","embeddable":true,"href":"https:\/\/www.toque-musicall.com\/index.php?rest_route=%2Fwp%2Fv2%2Ftags&post=633"}],"curies":[{"name":"wp","href":"https:\/\/api.w.org\/{rel}","templated":true}]}}