{"id":6332,"date":"2018-01-24T09:10:09","date_gmt":"2018-01-24T11:10:09","guid":{"rendered":"http:\/\/www.toque-musicall.com\/?p=6332"},"modified":"2018-01-25T09:13:50","modified_gmt":"2018-01-25T11:13:50","slug":"olivia-hime-segredos-do-meu-coracao-1982","status":"publish","type":"post","link":"https:\/\/www.toque-musicall.com\/?p=6332","title":{"rendered":"Olivia Hime &#8211; Segredos Do Meu Cora\u00e7\u00e3o (1982)"},"content":{"rendered":"<p><img loading=\"lazy\" decoding=\"async\" class=\"aligncenter size-large\" src=\"https:\/\/3.bp.blogspot.com\/-xhFQUP8cWy0\/Wmm4v5lStUI\/AAAAAAAAOsI\/x62go8T3XY4VOm9p8W8e0jrgEhoup0NEQCLcBGAs\/s640\/capap.JPG\" width=\"640\" height=\"633\" \/><img loading=\"lazy\" decoding=\"async\" class=\"aligncenter size-large\" src=\"https:\/\/4.bp.blogspot.com\/-75rQuLxKPzQ\/Wmm4wLx4F5I\/AAAAAAAAOsM\/wrLx07FBuk0EwCpUoLHbc7uf0T5YhDVuwCLcBGAs\/s640\/contrap.JPG\" width=\"640\" height=\"640\" \/><\/p>\n<p style=\"font-weight: 400;\">O Toque Musical come\u00e7a 2018 em grande estilo, oferecendo hoje a seus amigos cultos e ocultos um dos melhores trabalhos de uma das mais respeitadas cantoras, letristas e produtoras de nossa m\u00fasica popular. Estamos falando de Ol\u00edvia Hime, na pia batismal Maria Ol\u00edvia Leuenroth, nascida no Rio de Janeiro em 25 de junho de 1943. \u00c9 filha de C\u00edcero Leuenroth e neta de Eug\u00eanio Leuenroth, ambos pioneiros da propaganda no Brasil, sendo ainda sobrinha-neta do militante anarquista Edgard Leuenroth. No in\u00edcio de sua carreira, Ol\u00edvia integrou, com Mi\u00facha e Telma Costa, um grupo vocal com o qual atuou em um show de Tom Jobim e Vin\u00edcius de Moraes. Ao se casar com o cantor-compositor Francis Hime, em 1969, relutou por alguns anos em abra\u00e7ar a carreira profissional de cantora, pois temia esbarrar no r\u00f3tulo de \u201cmulher do Francis\u201d ou de amiga de medalh\u00f5es da MPB tipo Chico Buarque e Tom Jobim. Em 1977, ano em que produziu para o marido Francis o \u00e1lbum \u201cPassaredo\u201d (logo passando tamb\u00e9m a compor e participar dos discos e shows dele), Ol\u00edvia lan\u00e7ou seu primeiro disco-solo, pela Tapecar, um compacto simples com as m\u00fasicas \u201cBela adormecida\u201d e \u201cDiana\u201d, pouco divulgado e sem nenhumarepercuss\u00e3o. Em 1980, novo single, pela RGE, apresentando \u201cTr\u00eas Marias\u201d e \u201cC\u00e9u de estio\u201d, m\u00fasicas que, um ano mais tarde, fariam parte de seu primeiro LP, sem t\u00edtulo, produzido por Dori Caymmi, reunindo m\u00fasicas dela mesma em parceria com Francis, e de outros autores. O casal tem tr\u00eas filhas \u2013 Maria, Joana e Luiza \u2013 e tr\u00eas netas. Como produtora musical, seus mais not\u00e1veis trabalhos s\u00e3o os \u00e1lbuns \u201cA m\u00fasica em Pessoa\u201d, em parceria com Elisa Byington, reunindo quinze poemas de Fernando Pessoa, musicados por grandes compositores brasileiros, lan\u00e7ado em 1985, por ocasi\u00e3o do cinquenten\u00e1rio da morte do poeta lusitano (e por sinal j\u00e1 oferecido a voc\u00eas pelo TM), e \u201cEstrela da vida inteira\u201d, com poemas musicados de Manuel Bandeira, editado em 1986 por ocasi\u00e3o do centen\u00e1rio do poeta. Em 2000, fundou, com Kati de Almeida Braga, a gravadora Biscoito Fino, da qual \u00e9 diretora art\u00edstica, respons\u00e1vel pelos melhores lan\u00e7amentos de MPB dos \u00faltimos anos. Com sensibilidade e bom gosto, Ol\u00edvia Hime vem conseguindo o respeito dos m\u00fasicos e da cr\u00edtica com seus trabalhos pessoais, burilados e originais, sempre procurando n\u00e3o ser associada a um \u00fanico estilo musical. Seu mais recente \u00e1lbum, em dupla com o marido Francis, \u00e9 \u201cSem mais adeus \u2013 Uma homenagem a Vin\u00edcius\u201d, lan\u00e7ado em 2017, verdadeiro tributo ao PoetinhaVin\u00edcius de Moraes.\u201cSegredo do meu cora\u00e7\u00e3o\u201d, o disco que o TM nos oferece hoje, \u00e9 o segundo \u00e1lbum-solo de Ol\u00edvia Hime, lan\u00e7ado em 1982 com o selo Opus\/Columbia (ou seja, pela Som Livre, com distribui\u00e7\u00e3o da CBS, hoje Sony Music), e que hoje faz parte do cat\u00e1logo da Biscoito Fino. Com produ\u00e7\u00e3o executiva e dire\u00e7\u00e3o de est\u00fadio de Dori Caymmi e do marido Francis Hime, ela percorre, como de h\u00e1bito, v\u00e1rios g\u00eaneros musicais, explorando as riquezas da alma brasileira, e mantendo um ambiente sonoro bem cuidado e variado. O disco \u00e9 tamb\u00e9m o documento de uma \u00e9poca marcada pela esperan\u00e7a da abertura e pelo fim das interdi\u00e7\u00f5es impostas pela censura federal. A faixa-t\u00edtulo, na verdade, \u00e9 o subt\u00edtulo de \u201cSai\u00e7\u00fa\u201d, composi\u00e7\u00e3o do ga\u00facho Kleyton Ramil, da dupla com o irm\u00e3o Kledir. No total, s\u00e3o onze m\u00fasicas de extraordin\u00e1ria qualidade, entre elas, \u201cMariposa\u201d, \u201cCart\u00e3o postal\u201d (assinadas pelo casal Francis-Ol\u00edvia), regrava\u00e7\u00f5es de \u201cZabel\u00ea\u201d, da dupla Gilberto Gil-Torquato Neto, \u201cCan\u00e7\u00e3o da noiva (Hist\u00f3ria de pescadores)\u201d, do mestre Dorival Caymmi, e \u201cGongoba (Pra voc\u00ea que chora)\u201d, da parceria Edu Lobo-Gianfrancesco Guarnieri, e ainda \u201cFlor das estradas\u201d, de Dori Caymmi e Paulo C\u00e9sar Pinheiro, tamb\u00e9m gravada pelo pr\u00f3prio Dori e mais tarde pela irm\u00e3, Nana. Enfim, um trabalho muito bem cuidado, em termos t\u00e9cnicos e at\u00e9 mesmo gr\u00e1ficos, digno de merecer a postagem de nosso TM e um dos pontos altos da carreira da not\u00e1vel Ol\u00edvia Hime. \u00c9 s\u00f3 conferir&#8230;<\/p>\n<p style=\"font-weight: 400; text-align: center;\">estrela guria<\/p>\n<p style=\"font-weight: 400; text-align: center;\">zabel\u00ea<\/p>\n<p style=\"font-weight: 400; text-align: center;\">cart\u00e3o postal<\/p>\n<p style=\"font-weight: 400; text-align: center;\">deveria<\/p>\n<p style=\"font-weight: 400; text-align: center;\">a flor das estradas<\/p>\n<p style=\"font-weight: 400; text-align: center;\">pr\u00f3xima partida<\/p>\n<p style=\"font-weight: 400; text-align: center;\">sai\u00e7u (segredo do meu cora\u00e7\u00e3o)<\/p>\n<p style=\"font-weight: 400; text-align: center;\">gongoba (pra voc\u00ea que chora)<\/p>\n<p style=\"font-weight: 400; text-align: center;\">amaz\u00f4nia<\/p>\n<p style=\"font-weight: 400; text-align: center;\">mariposa<\/p>\n<p style=\"font-weight: 400; text-align: center;\">can\u00e7\u00e3o da noiva<\/p>\n<p>&nbsp;<\/p>\n<p style=\"font-weight: 400;\">*Texto de Samuel Machado Filho<\/p>\n","protected":false},"excerpt":{"rendered":"<p>O Toque Musical come\u00e7a 2018 em grande estilo, oferecendo hoje a seus amigos cultos e ocultos um dos melhores trabalhos de uma das mais respeitadas cantoras, letristas e produtoras de nossa m\u00fasica popular. Estamos falando de Ol\u00edvia Hime, na pia &hellip; <a href=\"https:\/\/www.toque-musicall.com\/?p=6332\">Continue lendo <span class=\"meta-nav\">&rarr;<\/span><\/a><\/p>\n","protected":false},"author":1,"featured_media":0,"comment_status":"open","ping_status":"closed","sticky":false,"template":"","format":"standard","meta":{"footnotes":""},"categories":[917,2934],"tags":[],"class_list":["post-6332","post","type-post","status-publish","format-standard","hentry","category-olivia-hime","category-selo-opus-columbia"],"_links":{"self":[{"href":"https:\/\/www.toque-musicall.com\/index.php?rest_route=\/wp\/v2\/posts\/6332","targetHints":{"allow":["GET"]}}],"collection":[{"href":"https:\/\/www.toque-musicall.com\/index.php?rest_route=\/wp\/v2\/posts"}],"about":[{"href":"https:\/\/www.toque-musicall.com\/index.php?rest_route=\/wp\/v2\/types\/post"}],"author":[{"embeddable":true,"href":"https:\/\/www.toque-musicall.com\/index.php?rest_route=\/wp\/v2\/users\/1"}],"replies":[{"embeddable":true,"href":"https:\/\/www.toque-musicall.com\/index.php?rest_route=%2Fwp%2Fv2%2Fcomments&post=6332"}],"version-history":[{"count":1,"href":"https:\/\/www.toque-musicall.com\/index.php?rest_route=\/wp\/v2\/posts\/6332\/revisions"}],"predecessor-version":[{"id":6333,"href":"https:\/\/www.toque-musicall.com\/index.php?rest_route=\/wp\/v2\/posts\/6332\/revisions\/6333"}],"wp:attachment":[{"href":"https:\/\/www.toque-musicall.com\/index.php?rest_route=%2Fwp%2Fv2%2Fmedia&parent=6332"}],"wp:term":[{"taxonomy":"category","embeddable":true,"href":"https:\/\/www.toque-musicall.com\/index.php?rest_route=%2Fwp%2Fv2%2Fcategories&post=6332"},{"taxonomy":"post_tag","embeddable":true,"href":"https:\/\/www.toque-musicall.com\/index.php?rest_route=%2Fwp%2Fv2%2Ftags&post=6332"}],"curies":[{"name":"wp","href":"https:\/\/api.w.org\/{rel}","templated":true}]}}