{"id":6334,"date":"2018-01-25T15:23:52","date_gmt":"2018-01-25T17:23:52","guid":{"rendered":"http:\/\/www.toque-musicall.com\/?p=6334"},"modified":"2018-01-25T15:24:34","modified_gmt":"2018-01-25T17:24:34","slug":"francisco-mario-terra-1979","status":"publish","type":"post","link":"https:\/\/www.toque-musicall.com\/?p=6334","title":{"rendered":"Francisco M\u00e1rio &#8211; Terra (1979)"},"content":{"rendered":"<p><img loading=\"lazy\" decoding=\"async\" class=\"aligncenter size-large\" src=\"https:\/\/3.bp.blogspot.com\/-1NnY_7fHqjk\/WmoHHUGQI1I\/AAAAAAAAOsc\/oh-FsLzcShAaNo0O-vFtAybXLNC5ImvAQCLcBGAs\/s640\/capap.JPG\" width=\"640\" height=\"638\" \/><img loading=\"lazy\" decoding=\"async\" class=\"aligncenter size-large\" src=\"https:\/\/3.bp.blogspot.com\/-_EgC2gR71Qc\/WmoHID75F2I\/AAAAAAAAOsg\/LTvA1sAXsS8MlUXOy8B9rHNKK_ye3v3XgCLcBGAs\/s640\/contrap.JPG\" width=\"640\" height=\"634\" \/><\/p>\n<p>Ol\u00e1, amigos cultos e ocultos! Trago hoje para voc\u00eas o violonista e compositor mineiro, Francisco M\u00e1rio. J\u00e1 tivemos aqui a oportunidade de apresentar alguns de seus trabalhos e agora ele volta neste bel\u00edssimo trabalho. Ali\u00e1s, seu primeiro disco, lan\u00e7ado de forma independente, em 1979. Chico M\u00e1rio, como era tamb\u00e9m conhecido foi irm\u00e3o do cartunista Henfil e do soci\u00f3logo Betinho. Todos tr\u00eas hemof\u00edlicos, faleceram v\u00edtimas de transfus\u00f5es de sangue contaminado com o v\u00edrus da aids. Chico come\u00e7ou a estudar m\u00fasica ainda na inf\u00e2ncia. Estudou arranjo e harmonia com Roberto Gnattali, respons\u00e1vel pelos arranjos de seu primeiro show, em 78. No ano seguinte lan\u00e7aria este seu primeiro trabalho. Um disco totalmente autoral, com participa\u00e7\u00f5es importantes como o Quarteto em Cy, Joyce, Antonio Adolfo e muitos outros&#8230; &#8220;Terra&#8221; foi, na \u00e9poca, lan\u00e7ado tamb\u00e9m no M\u00e9xico. Um disco realmente muito bom e que merece ser relembrado aqui no nosso Toque Musical. Confiram no GTM!<\/p>\n<div style=\"text-align: center;\">ouro preto<\/div>\n<div style=\"text-align: center;\">terra<\/div>\n<div style=\"text-align: center;\">bateia<\/div>\n<div style=\"text-align: center;\">passarinho preto<\/div>\n<div style=\"text-align: center;\">quitute mineiro<\/div>\n<div style=\"text-align: center;\">ex\u00edlio<\/div>\n<div style=\"text-align: center;\">moda do tio geraldo<\/div>\n<div style=\"text-align: center;\">bandeiras ao alto<\/div>\n<div style=\"text-align: center;\">maria leal<\/div>\n<div style=\"text-align: center;\">carro de boi<\/div>\n<div style=\"text-align: center;\">manto<\/div>\n<div style=\"text-align: center;\">bicho fantasiado<\/div>\n<div style=\"text-align: center;\">reses tensas<\/div>\n<div style=\"text-align: center;\"><\/div>\n<div style=\"text-align: center;\">.<\/div>\n","protected":false},"excerpt":{"rendered":"<p>Ol\u00e1, amigos cultos e ocultos! Trago hoje para voc\u00eas o violonista e compositor mineiro, Francisco M\u00e1rio. J\u00e1 tivemos aqui a oportunidade de apresentar alguns de seus trabalhos e agora ele volta neste bel\u00edssimo trabalho. Ali\u00e1s, seu primeiro disco, lan\u00e7ado de &hellip; <a href=\"https:\/\/www.toque-musicall.com\/?p=6334\">Continue lendo <span class=\"meta-nav\">&rarr;<\/span><\/a><\/p>\n","protected":false},"author":1,"featured_media":0,"comment_status":"open","ping_status":"closed","sticky":false,"template":"","format":"standard","meta":{"footnotes":""},"categories":[621,25],"tags":[],"class_list":["post-6334","post","type-post","status-publish","format-standard","hentry","category-francisco-mario","category-selo-independente"],"_links":{"self":[{"href":"https:\/\/www.toque-musicall.com\/index.php?rest_route=\/wp\/v2\/posts\/6334","targetHints":{"allow":["GET"]}}],"collection":[{"href":"https:\/\/www.toque-musicall.com\/index.php?rest_route=\/wp\/v2\/posts"}],"about":[{"href":"https:\/\/www.toque-musicall.com\/index.php?rest_route=\/wp\/v2\/types\/post"}],"author":[{"embeddable":true,"href":"https:\/\/www.toque-musicall.com\/index.php?rest_route=\/wp\/v2\/users\/1"}],"replies":[{"embeddable":true,"href":"https:\/\/www.toque-musicall.com\/index.php?rest_route=%2Fwp%2Fv2%2Fcomments&post=6334"}],"version-history":[{"count":1,"href":"https:\/\/www.toque-musicall.com\/index.php?rest_route=\/wp\/v2\/posts\/6334\/revisions"}],"predecessor-version":[{"id":6335,"href":"https:\/\/www.toque-musicall.com\/index.php?rest_route=\/wp\/v2\/posts\/6334\/revisions\/6335"}],"wp:attachment":[{"href":"https:\/\/www.toque-musicall.com\/index.php?rest_route=%2Fwp%2Fv2%2Fmedia&parent=6334"}],"wp:term":[{"taxonomy":"category","embeddable":true,"href":"https:\/\/www.toque-musicall.com\/index.php?rest_route=%2Fwp%2Fv2%2Fcategories&post=6334"},{"taxonomy":"post_tag","embeddable":true,"href":"https:\/\/www.toque-musicall.com\/index.php?rest_route=%2Fwp%2Fv2%2Ftags&post=6334"}],"curies":[{"name":"wp","href":"https:\/\/api.w.org\/{rel}","templated":true}]}}