{"id":6336,"date":"2018-01-26T16:06:07","date_gmt":"2018-01-26T18:06:07","guid":{"rendered":"http:\/\/www.toque-musicall.com\/?p=6336"},"modified":"2018-01-28T16:08:38","modified_gmt":"2018-01-28T18:08:38","slug":"o-grupo-1968-2","status":"publish","type":"post","link":"https:\/\/www.toque-musicall.com\/?p=6336","title":{"rendered":"O Grupo (1968)"},"content":{"rendered":"<p><img loading=\"lazy\" decoding=\"async\" class=\"aligncenter size-large\" src=\"https:\/\/1.bp.blogspot.com\/-RzzKqbKBZEU\/Wm4O_D98yvI\/AAAAAAAAOtA\/WyT7wVagfxEXKvQ8_jkwR_v1-QnibKaJQCLcBGAs\/s640\/capap.JPG\" width=\"640\" height=\"639\" \/><img loading=\"lazy\" decoding=\"async\" class=\"aligncenter size-large\" src=\"https:\/\/2.bp.blogspot.com\/-2YOjjp75Fkc\/Wm4O-Ehb1vI\/AAAAAAAAOs8\/IW4p9FCm-8sb0w89x84hRUlGX9xUDaDUQCLcBGAs\/s640\/contrap.JPG\" width=\"637\" height=\"640\" \/><\/p>\n<p>Ol\u00e1, amigos cultos e ocultos! O TM apresenta a voc\u00eas hoje o LP de um conjunto vocal-instrumental que infelizmente durou pouco tempo, ali\u00e1s foi\u00a0 o \u00fanico \u00e1lbum que registraram. O nome \u00e9 o mais sint\u00e9tico poss\u00edvel: O Grupo. Formado por quatro rapazes pra l\u00e1 de talentosos, Roberval, Raimundo, Jaime e Maur\u00edcio, O Grupo ficou conhecido do p\u00fablico ao acompanhar Roberto Carlos no samba \u201cMaria, carnaval e cinzas\u201d, de Luiz Carlos Paran\u00e1, no Festival de MPB da TV Record, em 1967. Esta m\u00fasica, inclusive, foi o lado A do compacto simples de estreia do Grupo, lan\u00e7ado ainda em 67 pela Odeon, tendo no verso \u201cCanto de perd\u00e3o\u201d, de Roberval, um dos integrantes, em parceria com Hedys Barroso Neto. \u201cMaria, carnaval e cinzas\u201d tamb\u00e9m est\u00e1 neste \u00fanico LP do Grupo, como faixa de encerramento. E \u00e9 um trabalho de primeira, concebido sob a batuta de M\u00edlton Miranda, com dire\u00e7\u00e3o musical de outro \u201ccobra\u201d, L\u00edrio Panicalli, e assist\u00eancia de produ\u00e7\u00e3o de Orlando Silva (que, certamente, n\u00e3o era o \u201ccantor das multid\u00f5es\u201d). Os competent\u00edsssimos<a href=\"https:\/\/www.blogger.com\/null\" name=\"_GoBack\"><\/a>rapazes do Grupo, literalmente, \u201cbotam pra quebrar\u201d em um repert\u00f3rio basicamente composto de sucessos nacionais da ocasi\u00e3o. Nas orquestra\u00e7\u00f5es e reg\u00eancias, al\u00e9m do pr\u00f3prio L\u00edrio Panicalli em \u201cPassa por mim\u201d e \u201cMorrer de amor\u201d, temos ainda Ant\u00f4nio Adolfo em \u201cS\u00e1 Marina\u201d (por sinal um de seus maiores hits autorais), \u201cJanu\u00e1ria\u201d, \u201cEu e a brisa\u201d (eterno cl\u00e1ssico de Johnny Alf) e \u201cDiane\u201d, Carlos Monteiro de Souza no cl\u00e1ssico \u201cTravessia\u201d, inesquec\u00edvel obra-prima de M\u00edlton Nascimento, Ugo Marotta em \u201cO bonde\u201d, e Nelsinho em \u201cMaria, carnaval e cinzas\u201d.\u00a0 Tudo isso com a irrepreens\u00edvel qualidade t\u00e9cnica ent\u00e3o caracter\u00edstica das produ\u00e7\u00f5es da Odeon, e recomendado por um entusiasmado Paulo S\u00e9rgio Valle no texto de contracapa. Um resultado de fato magn\u00edfico, que merece mais esta postagem do TM e ir\u00e1 agradar muito. Ap\u00f3s esse disco, eles ainda gravariam algumas faixas esparsas em \u00e1lbuns mistos e desapareceriam de cena. De qualquer forma, este LP do Grupo vale como um documento musical precioso daquele que \u00e9 conhecido como \u201co ano que n\u00e3o terminou\u201d, 1968, para desfrute de todos aqueles que apreciam nossa m\u00fasica popular no que ela tem de melhor e mais expressivo. Aproveitem&#8230;<\/p>\n<div style=\"text-align: center;\">alegria de carnaval<\/div>\n<div style=\"text-align: center;\">janu\u00e1ria<\/div>\n<div style=\"text-align: center;\">passa por mim<\/div>\n<div style=\"text-align: center;\">pelas ruas do recife<\/div>\n<div style=\"text-align: center;\">rosa branca<\/div>\n<div style=\"text-align: center;\">o bonde<\/div>\n<div style=\"text-align: center;\">s\u00e1 marina<\/div>\n<div style=\"text-align: center;\">eu e a brisa<\/div>\n<div style=\"text-align: center;\">morrer de amor<\/div>\n<div style=\"text-align: center;\">travessia<\/div>\n<div style=\"text-align: center;\">diane<\/div>\n<div style=\"text-align: center;\">maria carnaval e cinzas<\/div>\n<p>*Texto de Samuel Machado Filho<\/p>\n","protected":false},"excerpt":{"rendered":"<p>Ol\u00e1, amigos cultos e ocultos! O TM apresenta a voc\u00eas hoje o LP de um conjunto vocal-instrumental que infelizmente durou pouco tempo, ali\u00e1s foi\u00a0 o \u00fanico \u00e1lbum que registraram. O nome \u00e9 o mais sint\u00e9tico poss\u00edvel: O Grupo. Formado por &hellip; <a href=\"https:\/\/www.toque-musicall.com\/?p=6336\">Continue lendo <span class=\"meta-nav\">&rarr;<\/span><\/a><\/p>\n","protected":false},"author":1,"featured_media":0,"comment_status":"open","ping_status":"closed","sticky":false,"template":"","format":"standard","meta":{"footnotes":""},"categories":[230,86],"tags":[],"class_list":["post-6336","post","type-post","status-publish","format-standard","hentry","category-o-grupo","category-selo-odeon"],"_links":{"self":[{"href":"https:\/\/www.toque-musicall.com\/index.php?rest_route=\/wp\/v2\/posts\/6336","targetHints":{"allow":["GET"]}}],"collection":[{"href":"https:\/\/www.toque-musicall.com\/index.php?rest_route=\/wp\/v2\/posts"}],"about":[{"href":"https:\/\/www.toque-musicall.com\/index.php?rest_route=\/wp\/v2\/types\/post"}],"author":[{"embeddable":true,"href":"https:\/\/www.toque-musicall.com\/index.php?rest_route=\/wp\/v2\/users\/1"}],"replies":[{"embeddable":true,"href":"https:\/\/www.toque-musicall.com\/index.php?rest_route=%2Fwp%2Fv2%2Fcomments&post=6336"}],"version-history":[{"count":1,"href":"https:\/\/www.toque-musicall.com\/index.php?rest_route=\/wp\/v2\/posts\/6336\/revisions"}],"predecessor-version":[{"id":6337,"href":"https:\/\/www.toque-musicall.com\/index.php?rest_route=\/wp\/v2\/posts\/6336\/revisions\/6337"}],"wp:attachment":[{"href":"https:\/\/www.toque-musicall.com\/index.php?rest_route=%2Fwp%2Fv2%2Fmedia&parent=6336"}],"wp:term":[{"taxonomy":"category","embeddable":true,"href":"https:\/\/www.toque-musicall.com\/index.php?rest_route=%2Fwp%2Fv2%2Fcategories&post=6336"},{"taxonomy":"post_tag","embeddable":true,"href":"https:\/\/www.toque-musicall.com\/index.php?rest_route=%2Fwp%2Fv2%2Ftags&post=6336"}],"curies":[{"name":"wp","href":"https:\/\/api.w.org\/{rel}","templated":true}]}}