{"id":637,"date":"2010-11-16T09:27:00","date_gmt":"2010-11-16T09:27:00","guid":{"rendered":"http:\/\/www.toque-musicall.com\/?p=637"},"modified":"2010-11-16T09:27:00","modified_gmt":"2010-11-16T09:27:00","slug":"andre-penazzi-2o-orgao-samba-percussao-1963","status":"publish","type":"post","link":"https:\/\/www.toque-musicall.com\/?p=637","title":{"rendered":"Andr\u00e9 Penazzi &#8211; 2\u00ba Org\u00e3o Samba Percuss\u00e3o (1963)"},"content":{"rendered":"<p><a href=\"http:\/\/4.bp.blogspot.com\/_DSKVEvHtskc\/TOJOkl_lfvI\/AAAAAAAAHUU\/JD8HttfsQn0\/s1600\/andre+penazzi+P.JPG\"><img decoding=\"async\" style=\"TEXT-ALIGN: center; MARGIN: 0px auto 10px; WIDTH: 398px; DISPLAY: block; HEIGHT: 400px; CURSOR: hand\" id=\"BLOGGER_PHOTO_ID_5540076882200198898\" border=\"0\" alt=\"\" src=\"http:\/\/4.bp.blogspot.com\/_DSKVEvHtskc\/TOJOkl_lfvI\/AAAAAAAAHUU\/JD8HttfsQn0\/s400\/andre+penazzi+P.JPG\" \/><\/a> Bom dia a todos! Esta \u00e9 a primeira vez que eu fa\u00e7o uma postagem em tr\u00e2nsito, quer dizer, durante uma viagem. Nada como a comodidade de um computador port\u00e1til. Um dia eu ainda compro um para mim. S\u00f3 n\u00e3o o fiz antes porque sei que a\u00ed ele vai ficar literalmente grudado em mim, e eu nele. Por enquanto eu n\u00e3o estou querendo ficar &#8216;on line&#8217; o tempo todo. N\u00e3o \u00e9 atoa que eu odeio celular. Sem d\u00favida, um &#8216;notebook&#8217; como esse Mac \u00e9 uma tenta\u00e7\u00e3o, mas por enquanto quero-o apenas emprestado por alguns minutos. J\u00e1 preparei os t\u00edtulos para as postagens da semana, sem esquecer dos compactos, claro! Basta agora eu achar tempo e a camaradagem aqui do colega de me emprestar seu &#8216;MacBook Air&#8217; para publicar as postagens.<br \/>Segue aqui o volume 2 que faltava da s\u00e9rie <a href=\"http:\/\/toque-musicall.blogspot.com\/search\/label\/Andr%C3%A9%20Penazzi\">&#8220;Org\u00e3o &#8211; Samba &#8211; Percuss\u00e3o&#8221;<\/a>, postada no Toque Musical. N\u00e3o muito diferente dos dois outros volumes, temos no lp um repert\u00f3rio de \u00f3timos sambas. E por incr\u00edvel que pare\u00e7a, depois de tanto ouv\u00ed-los, mudei o meu conceito. Realmente \u00e9 verdade, &#8216;n\u00f3s ainda somos os mesmos e vivemos como os nossos pais&#8217;.<\/p>\n<p><\/p>\n<div align=\"center\">apito no samba<\/div>\n<div align=\"center\">zel\u00e3o<\/div>\n<div align=\"center\">a tua vida \u00e9 um segredo<\/div>\n<div align=\"center\">samba em prel\u00fadio<\/div>\n<div align=\"center\">se acaso voc\u00ea chegasse<\/div>\n<div align=\"center\">tamanco no samba<\/div>\n<div align=\"center\">eu n\u00e3o tenho onde morar<\/div>\n<div align=\"center\">agora \u00e9 cinza<\/div>\n<div align=\"center\">menino desce da\u00ed<\/div>\n<div align=\"center\">tem bobo pra tudo<\/div>\n<div align=\"center\">implorar<\/div>\n<div align=\"center\">cad\u00eancia do samba<\/div>\n<div align=\"center\"> <\/div>\n<div align=\"center\"> <\/div>\n","protected":false},"excerpt":{"rendered":"<p>Bom dia a todos! Esta \u00e9 a primeira vez que eu fa\u00e7o uma postagem em tr\u00e2nsito, quer dizer, durante uma viagem. Nada como a comodidade de um computador port\u00e1til. Um dia eu ainda compro um para mim. S\u00f3 n\u00e3o o &hellip; <a href=\"https:\/\/www.toque-musicall.com\/?p=637\">Continue lendo <span class=\"meta-nav\">&rarr;<\/span><\/a><\/p>\n","protected":false},"author":1,"featured_media":0,"comment_status":"open","ping_status":"closed","sticky":false,"template":"","format":"standard","meta":{"footnotes":""},"categories":[939],"tags":[],"class_list":["post-637","post","type-post","status-publish","format-standard","hentry","category-andre-penazzi"],"_links":{"self":[{"href":"https:\/\/www.toque-musicall.com\/index.php?rest_route=\/wp\/v2\/posts\/637","targetHints":{"allow":["GET"]}}],"collection":[{"href":"https:\/\/www.toque-musicall.com\/index.php?rest_route=\/wp\/v2\/posts"}],"about":[{"href":"https:\/\/www.toque-musicall.com\/index.php?rest_route=\/wp\/v2\/types\/post"}],"author":[{"embeddable":true,"href":"https:\/\/www.toque-musicall.com\/index.php?rest_route=\/wp\/v2\/users\/1"}],"replies":[{"embeddable":true,"href":"https:\/\/www.toque-musicall.com\/index.php?rest_route=%2Fwp%2Fv2%2Fcomments&post=637"}],"version-history":[{"count":0,"href":"https:\/\/www.toque-musicall.com\/index.php?rest_route=\/wp\/v2\/posts\/637\/revisions"}],"wp:attachment":[{"href":"https:\/\/www.toque-musicall.com\/index.php?rest_route=%2Fwp%2Fv2%2Fmedia&parent=637"}],"wp:term":[{"taxonomy":"category","embeddable":true,"href":"https:\/\/www.toque-musicall.com\/index.php?rest_route=%2Fwp%2Fv2%2Fcategories&post=637"},{"taxonomy":"post_tag","embeddable":true,"href":"https:\/\/www.toque-musicall.com\/index.php?rest_route=%2Fwp%2Fv2%2Ftags&post=637"}],"curies":[{"name":"wp","href":"https:\/\/api.w.org\/{rel}","templated":true}]}}