{"id":6372,"date":"2018-04-04T08:30:33","date_gmt":"2018-04-04T11:30:33","guid":{"rendered":"http:\/\/www.toque-musicall.com\/?p=6372"},"modified":"2018-04-15T08:32:56","modified_gmt":"2018-04-15T11:32:56","slug":"peruzzi-e-sua-orquestra-fantasia-dancante-1963","status":"publish","type":"post","link":"https:\/\/www.toque-musicall.com\/?p=6372","title":{"rendered":"Peruzzi E Sua Orquestra &#8211; Fantasia Dan\u00e7ante (1963)"},"content":{"rendered":"<p><img loading=\"lazy\" decoding=\"async\" class=\"aligncenter size-large\" src=\"https:\/\/1.bp.blogspot.com\/-AM5hWeeM7Ec\/WtM3CIcLHOI\/AAAAAAAAO1M\/bDHscVWU97wYIj7SBBWcOg-N98XynXjRwCLcBGAs\/s640\/capap.JPG\" width=\"640\" height=\"634\" \/><img loading=\"lazy\" decoding=\"async\" class=\"aligncenter size-large\" src=\"https:\/\/2.bp.blogspot.com\/-_Aqv-SpwqfU\/WtM3B8OXB3I\/AAAAAAAAO1I\/5hcAjT4Gn5kfhqiJH_-Ycc8ZkXWqjkzBgCLcBGAs\/s640\/contrap.JPG\" width=\"638\" height=\"640\" \/><\/p>\n<p>Maestro, arranjador, flautista, trombonista, compositor. Este \u00e9 o perfil de Edmundo Peruzzi, de quem o TM oferece, para deleite de seus amigos cultos e ocultos, mais um \u00e1lbum (o quinto que postamos dele).\u00a0 Trata-se de \u201cFantasia dan\u00e7ante\u201d, gravado na ef\u00eamera marca Discobr\u00e1s (da qual inclusive foi diretor), e, segundo o Instituto Mem\u00f3ria Musical Brasileira, lan\u00e7ado em 1959. Com vasta folha de servi\u00e7os prestados \u00e0 nossa m\u00fasica popular, Peruzzi nasceu em Santos, litoral de S\u00e3o Paulo, em 29 de junho de 1918. E foi no Conservat\u00f3rio Musical santista que iniciou seus estudos de m\u00fasica, soba orienta\u00e7\u00e3o de Sabino de Benedictis. Iniciou sua carreira art\u00edstica em 1932, aos catorze anos, apresentando-se como trombonista em espet\u00e1culos de circo, e foi tamb\u00e9m integrante da Banda do Corpo de Bombeiros de Santos. Em 1935, trocou o trombone pela flauta. Em 1945, Peruzzi formou sua pr\u00f3pria orquestra, passando a atuar em programas da PRA-6, R\u00e1dio Gazeta de S\u00e3o Paulo (ent\u00e3o \u201ca emissora de elite\u201d) e apresentando-se em bailes realizados nos arredores da capital bandeirante. Em outubro do mesmo ano, \u00e9 lan\u00e7ado o primeiro disco da orquestra de Peruzzi, pela Continental, apresentando o choro \u201cPerigoso\u201d, de Ernesto Nazareth, e a valsa \u201cEm pleno estio\u201d, de RobertoFirpo. Em 1948, a orquestra tamb\u00e9m se apresentou na R\u00e1dio Tupi paulistana. Em 1951, contratado pela R\u00e1dio Mayrink Veiga,Peruzzitransferiu-se para o Rio de Janeiro, l\u00e1 permanecendo por dez anos e atuando \u00e0 frente de v\u00e1rias orquestras radiof\u00f4nicas. Em 1953, Peruzzi apresentou-se com sua orquestra no Teatro Municipal carioca, executando o \u201cMoto perp\u00e9tuo\u201d, de Pagnini, em ritmo de samba. Em 1959, comp\u00f4s a trilha sonora do filme \u201cDepois do carnaval\u201d, de Wilson Silva, primeira de muitas que faria nos anos seguintes, como, por exemplo, a de \u201cO cabeleira\u201d (1963), de M\u00edlton Amaral, baseado no romance hom\u00f4nimo de Franklin T\u00e1vora, e a de \u201cTraficante do crime\u201d (1968), de M\u00e1rio Latini. Em 1964, excursionou pela Argentina e, em 1967, apresentou-se no Paraguai. Em 1970, esteve no Peru, onde realizou apresenta\u00e7\u00f5es e fez arranjos para a orquestra do peruano Augusto Valderrama. Como arranjador, realizou grava\u00e7\u00f5es para cantores diversos, tais como Orlando Silva, Miltinho, Wilson Simonal, Neyde Fraga, Clara Nunes, Agnaldo Tim\u00f3teo, Dalva de Andrade e Eduardo Ara\u00fajo. Peruzzi faleceu em sua Santos natal, em 3 de novembro de 1975, aos 57 anos. Neste \u201cFantasia dan\u00e7ante\u201d, ora postado pelo TM, os arranjos ficaram por conta do pr\u00f3prio Peruzzi e de Pereira dos Santos. H\u00e1 tamb\u00e9m a participa\u00e7\u00e3o dos vocalistas, ent\u00e3o desconhecidos, por\u00e9m bastante talentosos, Joab Teixeira, Josemar e Nilza Morales. O disco foi dividido em duas partes, uma de cada lado. A primeira \u00e9 \u201cSinfonia \u00e0 Bahia\u201d, reunindo, em uma \u00fanica faixa, v\u00e1rias p\u00e1ginas musicais inspiradas pela Boa Terra, tais como \u201cBahia com H\u201d, de D\u00eanis Brean, \u201cExalta\u00e7\u00e3o \u00e0 Bahia\u201d, de Vicente Paiva e Chianca de Garcia, \u201cNa Bahia\u201d, de Herivelto Martins e Humberto Porto, \u201cCristo nasceu na Bahia\u201d, de Duque e Sebasti\u00e3o Cirino, al\u00e9m de p\u00e1ginas dos mestres Ary Barroso (\u201cQuindins de Iai\u00e1\u201d, \u201cNo tabuleiro da baiana\u201d, \u201cBahia imortal\u201d, \u201cIsto aqui o que \u00e9\u201d) e Dorival Caymmi (\u201cO que \u00e9 que a baiana tem?\u201d, \u201cPreta do acaraj\u00e9\u201d, \u201cVoc\u00ea j\u00e1 foi \u00e0 Bahia?\u201d, \u201cVatap\u00e1\u201d). \u00a0A segunda parte, \u201cCar\u00edcias musicais\u201d, \u00e9 uma sele\u00e7\u00e3o de belas p\u00e1ginas da can\u00e7\u00e3o latino-americana, principalmente boleros, em quatro faixas, cada qual com tr\u00eas m\u00fasicas. Nela, desfilam p\u00e1ginas como \u201cDesesperadamente\u201d, \u201cCubanacan\u201d, \u201cSinceridad\u201d, \u201cSin ti\u201d, \u201cAdios\u201d \u201cAmor, amor\u201d e \u201cMi oracion\u201d (composta por Georges Boulanger com o t\u00edtulo \u201cAvant de mourir\u201d e que depois ganhou letra em ingl\u00eas de Jimmy Kennedy, sob o t\u00edtulo de \u201cMy prayer\u201d). Em suma, um \u00e1lbum \u201cmajestosamente trabalhado\u201d, conforme diz a contracapa, na medida exata para ouvir e dan\u00e7ar, e mais um t\u00edtu<a href=\"https:\/\/www.blogger.com\/null\" name=\"_GoBack\"><\/a>lo digno da postagem de nosso TM.<\/p>\n<div style=\"text-align: center;\">sinfonia a bahia<\/div>\n<div style=\"text-align: center;\">preta do acaraj\u00e9<\/div>\n<div style=\"text-align: center;\">cristo nasceu na bahia<\/div>\n<div style=\"text-align: center;\">o que \u00e9 que a baiana tem<\/div>\n<div style=\"text-align: center;\">no tabuleiro da baiana<\/div>\n<div style=\"text-align: center;\">na bahia<\/div>\n<div style=\"text-align: center;\">na baixa do sapateiro<\/div>\n<div style=\"text-align: center;\">os quindins de ya ya<\/div>\n<div style=\"text-align: center;\">voc\u00ea j\u00e1 foi a bahia<\/div>\n<div style=\"text-align: center;\">exalta\u00e7\u00e3o a bahia<\/div>\n<div style=\"text-align: center;\">baiana de nazar\u00e9<\/div>\n<div style=\"text-align: center;\">vatap\u00e1<\/div>\n<div style=\"text-align: center;\">bahia com h<\/div>\n<div style=\"text-align: center;\">bahia imortal<\/div>\n<div style=\"text-align: center;\">isto aqui o que \u00e9<\/div>\n<div style=\"text-align: center;\">tema musical<\/div>\n<div style=\"text-align: center;\">car\u00edcias musicais<\/div>\n<div style=\"text-align: center;\">maria dolores &#8211; cubanacan &#8211; sinceridad<\/div>\n<div style=\"text-align: center;\">sin ti &#8211; para mi no mas &#8211; desesperadamente<\/div>\n<div style=\"text-align: center;\">senhora &#8211; final &#8211; tengo cellos de ti<\/div>\n<div style=\"text-align: center;\">adios &#8211; mi oracion &#8211; amor amor<\/div>\n<p>*Texto de Samuel Machado Filho<\/p>\n","protected":false},"excerpt":{"rendered":"<p>Maestro, arranjador, flautista, trombonista, compositor. Este \u00e9 o perfil de Edmundo Peruzzi, de quem o TM oferece, para deleite de seus amigos cultos e ocultos, mais um \u00e1lbum (o quinto que postamos dele).\u00a0 Trata-se de \u201cFantasia dan\u00e7ante\u201d, gravado na ef\u00eamera &hellip; <a href=\"https:\/\/www.toque-musicall.com\/?p=6372\">Continue lendo <span class=\"meta-nav\">&rarr;<\/span><\/a><\/p>\n","protected":false},"author":1,"featured_media":0,"comment_status":"open","ping_status":"closed","sticky":false,"template":"","format":"standard","meta":{"footnotes":""},"categories":[515,1049],"tags":[],"class_list":["post-6372","post","type-post","status-publish","format-standard","hentry","category-peruzzi-e-sua-orquestra","category-selo-discobras"],"_links":{"self":[{"href":"https:\/\/www.toque-musicall.com\/index.php?rest_route=\/wp\/v2\/posts\/6372","targetHints":{"allow":["GET"]}}],"collection":[{"href":"https:\/\/www.toque-musicall.com\/index.php?rest_route=\/wp\/v2\/posts"}],"about":[{"href":"https:\/\/www.toque-musicall.com\/index.php?rest_route=\/wp\/v2\/types\/post"}],"author":[{"embeddable":true,"href":"https:\/\/www.toque-musicall.com\/index.php?rest_route=\/wp\/v2\/users\/1"}],"replies":[{"embeddable":true,"href":"https:\/\/www.toque-musicall.com\/index.php?rest_route=%2Fwp%2Fv2%2Fcomments&post=6372"}],"version-history":[{"count":1,"href":"https:\/\/www.toque-musicall.com\/index.php?rest_route=\/wp\/v2\/posts\/6372\/revisions"}],"predecessor-version":[{"id":6373,"href":"https:\/\/www.toque-musicall.com\/index.php?rest_route=\/wp\/v2\/posts\/6372\/revisions\/6373"}],"wp:attachment":[{"href":"https:\/\/www.toque-musicall.com\/index.php?rest_route=%2Fwp%2Fv2%2Fmedia&parent=6372"}],"wp:term":[{"taxonomy":"category","embeddable":true,"href":"https:\/\/www.toque-musicall.com\/index.php?rest_route=%2Fwp%2Fv2%2Fcategories&post=6372"},{"taxonomy":"post_tag","embeddable":true,"href":"https:\/\/www.toque-musicall.com\/index.php?rest_route=%2Fwp%2Fv2%2Ftags&post=6372"}],"curies":[{"name":"wp","href":"https:\/\/api.w.org\/{rel}","templated":true}]}}