{"id":6375,"date":"2018-04-06T11:17:09","date_gmt":"2018-04-06T14:17:09","guid":{"rendered":"http:\/\/www.toque-musicall.com\/?p=6375"},"modified":"2018-04-15T11:42:44","modified_gmt":"2018-04-15T14:42:44","slug":"quinteto-de-k-ximbinho-em-ritmo-de-danca-vol-iii-1958","status":"publish","type":"post","link":"https:\/\/www.toque-musicall.com\/?p=6375","title":{"rendered":"Quinteto De K-Ximbinho &#8211; Em Ritmo De Dan\u00e7a Vol. III (1958)"},"content":{"rendered":"<p><img loading=\"lazy\" decoding=\"async\" class=\"aligncenter size-large\" src=\"https:\/\/2.bp.blogspot.com\/-Y_BDAs1uiAU\/WtNdoPqdl4I\/AAAAAAAAO1k\/9bqHQE7G3kYdikElyFYm9mIj4a2CUNveQCLcBGAs\/s640\/EM%2BRITMO%2BDE%2BDANCA%2B%2BVOL%2B3.jpg\" width=\"640\" height=\"624\" \/><img loading=\"lazy\" decoding=\"async\" class=\"aligncenter size-large\" src=\"https:\/\/4.bp.blogspot.com\/-rLDamU-w0ME\/WtNdoPQgwyI\/AAAAAAAAO1o\/_dWadLsAymwbeZy8jBaYfU-IWp_ZFnqGwCLcBGAs\/s640\/contrap.JPG\" width=\"634\" height=\"640\" \/><\/p>\n<p style=\"font-weight: 400;\">O Toque Musical traz hoje para seus amigos cultos e ocultos mais um \u00e1lbum de Sebasti\u00e3o de Barros, compositor, arranjador, clarinetista, saxofonista e maestro, que ficou para a posteridade com o pseud\u00f4nimo de K-Ximbinho, e de quem postamos anteriormente o dez polegadas \u201cRitmo e melodia\u201d. Lan\u00e7ado pela Polydor em 1958, este \u00e9 o terceiro volume da s\u00e9rie \u201cEm ritmo de dan\u00e7a\u201d (os dois anteriores foram gravados pelo conjunto do pistonista Pernambuco). K-Ximbinho, \u201co mais original dentre os instrumentistas que se dedicaram \u00e0 orquestra popular urbana\u201d, no dizer de outro grande maestro e clarinetista, Paulo Moura,veio ao mundo no dia 20 de janeiro de 1917, na cidade de Taipu, no Rio Grande do Norte. Iniciou seus estudos de clarinete frequentando a banda de sua cidade, mudando-se posteriormente com a fam\u00edlia para a capital do estado, Natal.Chegou a participar, junto a outros estudantes secundaristas, do conjunto Pan Jazz, e tamb\u00e9m atuou na banda de sua corpora\u00e7\u00e3o no ex\u00e9rcito. Em 1938, Severino Ara\u00fajo assume a dire\u00e7\u00e3o da famosa Orquestra Tabajara, e K-Ximbinho entra para a mesma. Nela permanece at\u00e9 1942, quando se muda para a ent\u00e3o capital da Rep\u00fablica, o Rio de Janeiro. Nesse ano, atua nas orquestras de Fon-Fon (Otaviano Romero Monteiro) e Napole\u00e3o Tavares. Em 1945, quando a Orquestra Tabajara j\u00e1 estava no Rio, K-Ximbinho voltou a integr\u00e1-la, nela permanecendo at\u00e9 1949, como primeiro saxofonista. Em 1946, tem sua primeira composi\u00e7\u00e3o gravada, \u201cSonoroso\u201d, de parceria com Del Loro, at\u00e9 hoje um de seus choros mais famosos. \u201cEu quero \u00e9 sossego\u201d, \u201cSonhando\u201d e \u201cSempre\u201d s\u00e3o outros sucessos de K-Ximbinho como autor. Participou, com muitos dos mais importantes instrumentistas brasileiros de seu tempo, dos anos de ouro do r\u00e1dio, acompanhando artistas em evid\u00eancia, e tamb\u00e9m teve muita import\u00e2ncia no circuito de orquestras, dancings e boates , entre elas a Casablanca e a famosa Sacha\u2019s, de cujo grupo fez parte em 1955. E ainda participou da ent\u00e3o incipiente televis\u00e3o brasileira, como orquestrador da Globo, nos anos 1960, \u00e9poca em que tamb\u00e9m integrou a Orquestra Sinf\u00f4nica Nacional, da R\u00e1dio MEC. Sua \u00faltima composi\u00e7\u00e3o foi \u201cManda brasa\u201d, vencedora do Segundo Festival do Choro, promovido em 1978 pela TV Bandeirantes. K-Ximbinho faleceu no Rio de Janeiro, em 26 de junho de 1980, ap\u00f3s a grava\u00e7\u00e3o de seu \u00faltimo \u00e1lbum, \u201cSaudades de um clarinete\u201d, lan\u00e7ado postumamente. Neste \u201cEm ritmo de dan\u00e7a 3\u201d, com texto de contracapa assinado pelo violonista Henrique Gandelman, pai de outro saxofonista de renome, L\u00e9o Gandelman, K-Ximbinho assina os arranjos, al\u00e9m de solar seu clarinete com a maestria habitual. Nas doze faixas, um repert\u00f3rio bem variado e dan\u00e7ante, mesclando, como de h\u00e1bito nessa \u00e9poca, sucessos nacionais e internacionais da ocasi\u00e3o, com direito a tr\u00eas composi\u00e7\u00f5es pr\u00f3prias: o bai\u00e3o \u201cT\u00e1?\u201d, com Hianto de Almeida, e os choros \u201cTeleguiado\u201d e \u201cPenumbra\u201d. Temos ainda os cl\u00e1ssicos \u201cL\u00e1 vem a baiana\u201d, do mestre Dorival Caymmi, \u201cPor causa de voc\u00ea\u201d, da dupla Tom Jobim-Dolores Duran, \u201cSe acaso voc\u00ea chegasse\u201d, primeiro grande hit autoral de Lupic\u00ednio Rodrigues, aqui em parceria com Felisberto Martins, \u201cN\u00e3o diga n\u00e3o\u201d, de Tito Madi e Georges Henry,e, na \u00e1rea internacional, \u201cAnaffairtoremember\u201d (do filme \u201cTarde demais para esquecer\u201d), \u201cI\u2019vegotyouundermyskin\u201d e \u201cLove me forever\u201d. Tudo isso, mais o \u201cMambo do Panam\u00e1\u201d, do organista Steve Bernard, romeno radicado no Brasil, e o choro \u201cZezinho teimoso\u201d, de Nestor Campos, aqui participando ao viol\u00e3o el\u00e9trico, fazem deste trabalho mais um produto de primeira oferecido pelo nosso TM. Aproveitem&#8230;<\/p>\n<p style=\"font-weight: 400; text-align: center;\">la vem a baiana<\/p>\n<p style=\"font-weight: 400; text-align: center;\">an affair to remember<\/p>\n<p style=\"font-weight: 400; text-align: center;\">zezinho teimoso<\/p>\n<p style=\"font-weight: 400; text-align: center;\">t\u00e1<\/p>\n<p style=\"font-weight: 400; text-align: center;\">por causa de voc\u00ea<\/p>\n<p style=\"font-weight: 400; text-align: center;\">mambo do panam\u00e1<\/p>\n<p style=\"font-weight: 400; text-align: center;\">teleguiado<\/p>\n<p style=\"font-weight: 400; text-align: center;\">love me forever<\/p>\n<p style=\"font-weight: 400; text-align: center;\">n\u00e3o diga n\u00e3o<\/p>\n<p style=\"font-weight: 400; text-align: center;\">i&#8217;ve got you under my skin<\/p>\n<p style=\"font-weight: 400; text-align: center;\">penumbra<\/p>\n<p style=\"font-weight: 400; text-align: center;\">se acaso voc\u00ea chegasse<\/p>\n<p style=\"font-weight: 400;\">*Texto de Samuel Machado Filho<\/p>\n","protected":false},"excerpt":{"rendered":"<p>O Toque Musical traz hoje para seus amigos cultos e ocultos mais um \u00e1lbum de Sebasti\u00e3o de Barros, compositor, arranjador, clarinetista, saxofonista e maestro, que ficou para a posteridade com o pseud\u00f4nimo de K-Ximbinho, e de quem postamos anteriormente o &hellip; <a href=\"https:\/\/www.toque-musicall.com\/?p=6375\">Continue lendo <span class=\"meta-nav\">&rarr;<\/span><\/a><\/p>\n","protected":false},"author":1,"featured_media":0,"comment_status":"open","ping_status":"closed","sticky":false,"template":"","format":"standard","meta":{"footnotes":""},"categories":[461,146],"tags":[],"class_list":["post-6375","post","type-post","status-publish","format-standard","hentry","category-k-ximbinho-e-seu-conjunto","category-selo-polydor"],"_links":{"self":[{"href":"https:\/\/www.toque-musicall.com\/index.php?rest_route=\/wp\/v2\/posts\/6375","targetHints":{"allow":["GET"]}}],"collection":[{"href":"https:\/\/www.toque-musicall.com\/index.php?rest_route=\/wp\/v2\/posts"}],"about":[{"href":"https:\/\/www.toque-musicall.com\/index.php?rest_route=\/wp\/v2\/types\/post"}],"author":[{"embeddable":true,"href":"https:\/\/www.toque-musicall.com\/index.php?rest_route=\/wp\/v2\/users\/1"}],"replies":[{"embeddable":true,"href":"https:\/\/www.toque-musicall.com\/index.php?rest_route=%2Fwp%2Fv2%2Fcomments&post=6375"}],"version-history":[{"count":1,"href":"https:\/\/www.toque-musicall.com\/index.php?rest_route=\/wp\/v2\/posts\/6375\/revisions"}],"predecessor-version":[{"id":6376,"href":"https:\/\/www.toque-musicall.com\/index.php?rest_route=\/wp\/v2\/posts\/6375\/revisions\/6376"}],"wp:attachment":[{"href":"https:\/\/www.toque-musicall.com\/index.php?rest_route=%2Fwp%2Fv2%2Fmedia&parent=6375"}],"wp:term":[{"taxonomy":"category","embeddable":true,"href":"https:\/\/www.toque-musicall.com\/index.php?rest_route=%2Fwp%2Fv2%2Fcategories&post=6375"},{"taxonomy":"post_tag","embeddable":true,"href":"https:\/\/www.toque-musicall.com\/index.php?rest_route=%2Fwp%2Fv2%2Ftags&post=6375"}],"curies":[{"name":"wp","href":"https:\/\/api.w.org\/{rel}","templated":true}]}}