{"id":638,"date":"2010-11-15T20:59:00","date_gmt":"2010-11-15T20:59:00","guid":{"rendered":"http:\/\/www.toque-musicall.com\/?p=638"},"modified":"2010-11-15T20:59:00","modified_gmt":"2010-11-15T20:59:00","slug":"marcos-valle-compacto-duplo-1971","status":"publish","type":"post","link":"https:\/\/www.toque-musicall.com\/?p=638","title":{"rendered":"Marcos Valle &#8211; Compacto Duplo (1971)"},"content":{"rendered":"<p><a href=\"http:\/\/1.bp.blogspot.com\/_DSKVEvHtskc\/TOGfTKz15yI\/AAAAAAAAHUI\/aTyaRb0grBk\/s1600\/marcos+valle+P.JPG\"><img decoding=\"async\" alt=\"\" border=\"0\" id=\"BLOGGER_PHOTO_ID_5539884168310548258\" src=\"http:\/\/1.bp.blogspot.com\/_DSKVEvHtskc\/TOGfTKz15yI\/AAAAAAAAHUI\/aTyaRb0grBk\/s400\/marcos+valle+P.JPG\" style=\"cursor: hand; display: block; height: 400px; margin: 0px auto 10px; text-align: center; width: 400px;\" \/><\/a>A partir de amanh\u00e3 eu estarei viajando, sem saber ao certo se terei tempo para nossas postagens. H\u00e1 algum tempo atr\u00e1s havia uma ferramenta no Blogger que permitia fazermos postagens programadas. Vi isso uma vez, mas nunca coloquei em pr\u00e1tica. Se for mesmo poss\u00edvel, acho que farei algumas para a semana. Na pior das hip\u00f3teses, tentarei pelo menos a forma mais f\u00e1cil: Ctrl+C, Ctrl+V. Vamos ver se rola&#8230;<br \/>Segue aqui outro compacto do pacote. Outro disquinho que vai fazer os amigos dar pulinhos de alegria. Afinal, quem n\u00e3o gosta de Marcos Valle? Eis aqui um compacto duplo que a gente pode comparar com as vers\u00f5es em lps de 70 e 71. Seriam as mesmas? J\u00e1 a faixa &#8220;Berenice&#8221;, foi trilha do filme &#8220;Lua de mel e amendoim&#8221;, de Fernando de Barros e Pedro Carlos Rovai. Acredito que esta m\u00fasica seja exclusiva, me parece ter sido lan\u00e7ada apenas neste compacto. Confiram a raridade em primeira m\u00e3o \ud83d\ude09<\/p>\n<div align=\"center\">berenice<\/div>\n<div align=\"center\">paz e futebol<\/div>\n<div align=\"center\">o cafona<\/div>\n<div align=\"center\">esperando o messias<\/div>\n","protected":false},"excerpt":{"rendered":"<p>A partir de amanh\u00e3 eu estarei viajando, sem saber ao certo se terei tempo para nossas postagens. H\u00e1 algum tempo atr\u00e1s havia uma ferramenta no Blogger que permitia fazermos postagens programadas. Vi isso uma vez, mas nunca coloquei em pr\u00e1tica. &hellip; <a href=\"https:\/\/www.toque-musicall.com\/?p=638\">Continue lendo <span class=\"meta-nav\">&rarr;<\/span><\/a><\/p>\n","protected":false},"author":1,"featured_media":0,"comment_status":"open","ping_status":"closed","sticky":false,"template":"","format":"standard","meta":{"footnotes":""},"categories":[67,86],"tags":[],"class_list":["post-638","post","type-post","status-publish","format-standard","hentry","category-marcos-valle","category-selo-odeon"],"_links":{"self":[{"href":"https:\/\/www.toque-musicall.com\/index.php?rest_route=\/wp\/v2\/posts\/638","targetHints":{"allow":["GET"]}}],"collection":[{"href":"https:\/\/www.toque-musicall.com\/index.php?rest_route=\/wp\/v2\/posts"}],"about":[{"href":"https:\/\/www.toque-musicall.com\/index.php?rest_route=\/wp\/v2\/types\/post"}],"author":[{"embeddable":true,"href":"https:\/\/www.toque-musicall.com\/index.php?rest_route=\/wp\/v2\/users\/1"}],"replies":[{"embeddable":true,"href":"https:\/\/www.toque-musicall.com\/index.php?rest_route=%2Fwp%2Fv2%2Fcomments&post=638"}],"version-history":[{"count":0,"href":"https:\/\/www.toque-musicall.com\/index.php?rest_route=\/wp\/v2\/posts\/638\/revisions"}],"wp:attachment":[{"href":"https:\/\/www.toque-musicall.com\/index.php?rest_route=%2Fwp%2Fv2%2Fmedia&parent=638"}],"wp:term":[{"taxonomy":"category","embeddable":true,"href":"https:\/\/www.toque-musicall.com\/index.php?rest_route=%2Fwp%2Fv2%2Fcategories&post=638"},{"taxonomy":"post_tag","embeddable":true,"href":"https:\/\/www.toque-musicall.com\/index.php?rest_route=%2Fwp%2Fv2%2Ftags&post=638"}],"curies":[{"name":"wp","href":"https:\/\/api.w.org\/{rel}","templated":true}]}}