{"id":639,"date":"2010-11-15T19:24:00","date_gmt":"2010-11-15T19:24:00","guid":{"rendered":"http:\/\/www.toque-musicall.com\/?p=639"},"modified":"2010-11-15T19:24:00","modified_gmt":"2010-11-15T19:24:00","slug":"mutantes-ao-vivo-em-ribeirao-preto-1978","status":"publish","type":"post","link":"https:\/\/www.toque-musicall.com\/?p=639","title":{"rendered":"Mutantes &#8211; Ao Vivo Em Ribeir\u00e3o Preto (1978)"},"content":{"rendered":"<p><a href=\"http:\/\/4.bp.blogspot.com\/_DSKVEvHtskc\/TOGJhL0wroI\/AAAAAAAAHT8\/fEp9TSsGpBk\/s1600\/capa+P.JPG\"><img decoding=\"async\" style=\"TEXT-ALIGN: center; MARGIN: 0px auto 10px; WIDTH: 400px; DISPLAY: block; HEIGHT: 399px; CURSOR: hand\" id=\"BLOGGER_PHOTO_ID_5539860219845193346\" border=\"0\" alt=\"\" src=\"http:\/\/4.bp.blogspot.com\/_DSKVEvHtskc\/TOGJhL0wroI\/AAAAAAAAHT8\/fEp9TSsGpBk\/s400\/capa+P.JPG\" \/><\/a> Atendendo ao pedido de um dos nossos visitantes, estou postando aqui hoje este &#8216;bootleg&#8217; de um grupo que insistiu em ser Mutantes, muito por conta de seu guitarrista, S\u00e9rgio Dias Baptista. Esta grava\u00e7\u00e3o registra o \u00faltimo show do grupo, em 1978, na cidade de Ribeir\u00e3o Preto. Segundo contam, um tremendo fracasso de p\u00fablico. Era uma \u00e9poca onde as viajadas progressivas da banda j\u00e1 estavam ultrapassadas. Naquela \u00e9poca os Mutantes s\u00f3 conseguiriam sobreviver se escolhessem entre o punk, o metal ou a disco music, pois voltar ao que foram no passado seria ainda mais improv\u00e1vel.  S\u00e9rgio percebeu que j\u00e1 era hora dele largar as velhas muletas e partir para o v\u00f4o solo. Ele foi, mas nunca abandonou a ideia de ressuscitar a velha banda, coisa que aconteceu em 2006 com o show em Londres. Depois, eles continuaram, quer dizer, o S\u00e9rgio continuou e mant\u00e9m acessa a chama com o \u00faltimo discos lan\u00e7ado em 2009, &#8220;Haih Or Amortecedor&#8221;.<br \/>Como eu disse, atendendo \u00e0 pedidos, dei uma melhorada no som (melhorou?) e criei a capinha, que \u00e9 o que ficou melhor. Ainda hoje eu postarei algum compacto, como prometido. Aguardem&#8230;<\/p>\n<div align=\"center\">arena<\/div>\n<div align=\"center\">ando meio desligado<\/div>\n<div align=\"center\">panis et circences<\/div>\n<div align=\"center\">falsifiquei minha caderneta<\/div>\n<div align=\"center\">frutificar<\/div>\n<div align=\"center\">semente da paix\u00e3o<\/div>\n<div align=\"center\">aurora boreal<\/div>\n<div align=\"center\">mensageiro da ladeira<\/div>\n<div align=\"center\">genesis<\/div>\n<div align=\"center\">amanhecer<\/div>\n<div align=\"center\">paran\u00f3ia (vou olhar o mar)<\/div>\n<div align=\"center\">te encontrar<\/div>\n<div align=\"center\">cidad\u00e3o da terra<\/div>\n<div align=\"center\">magia e cora\u00e7\u00e3o<\/div>\n<div align=\"center\">do que vale meu rock&#8217;n&#8217;roll<\/div>\n<div align=\"center\">rock&#8217;n&#8217;roll city<\/div>\n<div align=\"center\"> <\/div>\n<div align=\"center\"> <\/div>\n","protected":false},"excerpt":{"rendered":"<p>Atendendo ao pedido de um dos nossos visitantes, estou postando aqui hoje este &#8216;bootleg&#8217; de um grupo que insistiu em ser Mutantes, muito por conta de seu guitarrista, S\u00e9rgio Dias Baptista. Esta grava\u00e7\u00e3o registra o \u00faltimo show do grupo, em &hellip; <a href=\"https:\/\/www.toque-musicall.com\/?p=639\">Continue lendo <span class=\"meta-nav\">&rarr;<\/span><\/a><\/p>\n","protected":false},"author":1,"featured_media":0,"comment_status":"open","ping_status":"closed","sticky":false,"template":"","format":"standard","meta":{"footnotes":""},"categories":[801],"tags":[],"class_list":["post-639","post","type-post","status-publish","format-standard","hentry","category-mutantes"],"_links":{"self":[{"href":"https:\/\/www.toque-musicall.com\/index.php?rest_route=\/wp\/v2\/posts\/639","targetHints":{"allow":["GET"]}}],"collection":[{"href":"https:\/\/www.toque-musicall.com\/index.php?rest_route=\/wp\/v2\/posts"}],"about":[{"href":"https:\/\/www.toque-musicall.com\/index.php?rest_route=\/wp\/v2\/types\/post"}],"author":[{"embeddable":true,"href":"https:\/\/www.toque-musicall.com\/index.php?rest_route=\/wp\/v2\/users\/1"}],"replies":[{"embeddable":true,"href":"https:\/\/www.toque-musicall.com\/index.php?rest_route=%2Fwp%2Fv2%2Fcomments&post=639"}],"version-history":[{"count":0,"href":"https:\/\/www.toque-musicall.com\/index.php?rest_route=\/wp\/v2\/posts\/639\/revisions"}],"wp:attachment":[{"href":"https:\/\/www.toque-musicall.com\/index.php?rest_route=%2Fwp%2Fv2%2Fmedia&parent=639"}],"wp:term":[{"taxonomy":"category","embeddable":true,"href":"https:\/\/www.toque-musicall.com\/index.php?rest_route=%2Fwp%2Fv2%2Fcategories&post=639"},{"taxonomy":"post_tag","embeddable":true,"href":"https:\/\/www.toque-musicall.com\/index.php?rest_route=%2Fwp%2Fv2%2Ftags&post=639"}],"curies":[{"name":"wp","href":"https:\/\/api.w.org\/{rel}","templated":true}]}}