{"id":6392,"date":"2018-05-02T12:28:42","date_gmt":"2018-05-02T15:28:42","guid":{"rendered":"http:\/\/www.toque-musicall.com\/?p=6392"},"modified":"2018-05-06T12:31:56","modified_gmt":"2018-05-06T15:31:56","slug":"conjunto-bossa-nova-bossa-e-bossa-1959","status":"publish","type":"post","link":"https:\/\/www.toque-musicall.com\/?p=6392","title":{"rendered":"Conjunto Bossa Nova \u2013 Bossa \u00c9 Bossa (1959)"},"content":{"rendered":"<p><img loading=\"lazy\" decoding=\"async\" class=\"aligncenter size-large\" src=\"https:\/\/3.bp.blogspot.com\/-2ac6vBvry54\/Wu7oZVhmbaI\/AAAAAAAAO5E\/Y0f5s1Q7UlsV6JYx7yCpsxpj9gG-W6bcwCLcBGAs\/s640\/capap.JPG\" width=\"640\" height=\"633\" \/><img loading=\"lazy\" decoding=\"async\" class=\"aligncenter size-large\" src=\"https:\/\/4.bp.blogspot.com\/-NTENDHcVPpg\/Wu7oZddedCI\/AAAAAAAAO5I\/CpEyLYUp5WM-15tL4bj3oyPJ0XSwOpkIwCLcBGAs\/s640\/contrap.JPG\" width=\"636\" height=\"640\" \/><\/p>\n<p>Bom dia, amigos cultos e ocultos! Muitos s\u00e3o os discos que ainda queremos postar aqui no Toque Musical e hoje temos aqui um desses, um compactozinho que \u00e9 pura raridade, cobi\u00e7ado por muitos colecionadores, em especial aos amantes da Bossa Nova. Acredito eu que este seja o primeiro compacto de Bossa Nova lan\u00e7ado no mundo. Temos assim, o Conjunto Bossa Nova, num compacto duplo, com quatro m\u00fasicas. Por certo, trata-se de um disquinho j\u00e1 bem manjado por todos os seguidores de blog. A primeira vez que apareceu foi no saudoso Loronix e aqui agora completo, com capa, contracapa e selos, para a turma mais exigente \ud83d\ude42<br \/>\nO Conjunto Bossa Nova era formado por Roberto Menescal, Bill Horn, Luiz Carlos Vinhas. Bebeto Castilho, Helcio Milito e Luiz Paulo Nogueira. Lan\u00e7ado em 1959 pelo selo Odeon, este compacto traz um registro ao vivo do grupo, onde foram selecionadas quatro composi\u00e7\u00f5es:<\/p>\n<div style=\"text-align: center;\">medita\u00e7\u00e3o<\/div>\n<div style=\"text-align: center;\">n\u00e3o faz assim<\/div>\n<div style=\"text-align: center;\">minha saudade<\/div>\n<div style=\"text-align: center;\">c\u00e9u e mar<\/div>\n<p>.<\/p>\n","protected":false},"excerpt":{"rendered":"<p>Bom dia, amigos cultos e ocultos! Muitos s\u00e3o os discos que ainda queremos postar aqui no Toque Musical e hoje temos aqui um desses, um compactozinho que \u00e9 pura raridade, cobi\u00e7ado por muitos colecionadores, em especial aos amantes da Bossa &hellip; <a href=\"https:\/\/www.toque-musicall.com\/?p=6392\">Continue lendo <span class=\"meta-nav\">&rarr;<\/span><\/a><\/p>\n","protected":false},"author":1,"featured_media":0,"comment_status":"open","ping_status":"closed","sticky":false,"template":"","format":"standard","meta":{"footnotes":""},"categories":[93,2952,295,86],"tags":[],"class_list":["post-6392","post","type-post","status-publish","format-standard","hentry","category-compactos","category-conjunto-bossa-nova","category-roberto-menescal","category-selo-odeon"],"_links":{"self":[{"href":"https:\/\/www.toque-musicall.com\/index.php?rest_route=\/wp\/v2\/posts\/6392","targetHints":{"allow":["GET"]}}],"collection":[{"href":"https:\/\/www.toque-musicall.com\/index.php?rest_route=\/wp\/v2\/posts"}],"about":[{"href":"https:\/\/www.toque-musicall.com\/index.php?rest_route=\/wp\/v2\/types\/post"}],"author":[{"embeddable":true,"href":"https:\/\/www.toque-musicall.com\/index.php?rest_route=\/wp\/v2\/users\/1"}],"replies":[{"embeddable":true,"href":"https:\/\/www.toque-musicall.com\/index.php?rest_route=%2Fwp%2Fv2%2Fcomments&post=6392"}],"version-history":[{"count":1,"href":"https:\/\/www.toque-musicall.com\/index.php?rest_route=\/wp\/v2\/posts\/6392\/revisions"}],"predecessor-version":[{"id":6393,"href":"https:\/\/www.toque-musicall.com\/index.php?rest_route=\/wp\/v2\/posts\/6392\/revisions\/6393"}],"wp:attachment":[{"href":"https:\/\/www.toque-musicall.com\/index.php?rest_route=%2Fwp%2Fv2%2Fmedia&parent=6392"}],"wp:term":[{"taxonomy":"category","embeddable":true,"href":"https:\/\/www.toque-musicall.com\/index.php?rest_route=%2Fwp%2Fv2%2Fcategories&post=6392"},{"taxonomy":"post_tag","embeddable":true,"href":"https:\/\/www.toque-musicall.com\/index.php?rest_route=%2Fwp%2Fv2%2Ftags&post=6392"}],"curies":[{"name":"wp","href":"https:\/\/api.w.org\/{rel}","templated":true}]}}