{"id":6394,"date":"2018-05-03T12:32:18","date_gmt":"2018-05-03T15:32:18","guid":{"rendered":"http:\/\/www.toque-musicall.com\/?p=6394"},"modified":"2018-05-06T12:36:09","modified_gmt":"2018-05-06T15:36:09","slug":"carlos-hamilton-canta-para-os-namorados-196","status":"publish","type":"post","link":"https:\/\/www.toque-musicall.com\/?p=6394","title":{"rendered":"Carlos Hamilton &#8211; Canta Para Os Namorados (196?)"},"content":{"rendered":"<p><img loading=\"lazy\" decoding=\"async\" class=\"aligncenter size-large\" src=\"https:\/\/4.bp.blogspot.com\/-XVT0tCk5JbA\/Wu8SqQExF1I\/AAAAAAAAO5g\/ZPLTTbx4LCEtqAftgCi_XKIXGkuV87l7gCLcBGAs\/s640\/capap.JPG\" width=\"631\" height=\"640\" \/><img loading=\"lazy\" decoding=\"async\" class=\"aligncenter size-large\" src=\"https:\/\/1.bp.blogspot.com\/-AiwC02RuQyU\/Wu8SrX2bjQI\/AAAAAAAAO5k\/GNkKeueaSc0ZtCgoz052mWQ-or7S7QKjgCLcBGAs\/s640\/contrap.JPG\" width=\"626\" height=\"640\" \/><\/p>\n<p>Bom dia, car\u00edssimos amigos cultos e ocultos! Mais uma vez, fazendo jus a nossa tradi\u00e7\u00e3o, temos aqui uma raridade de alto n\u00edvel, coisa que voc\u00eas s\u00f3 encontram em primeira m\u00e3o no Toque Musical. Trago hoje para voc\u00eas esse rar\u00edssimo compacto, produ\u00e7\u00e3o independente, talvez uma das primeiras lan\u00e7adas por aqui. Ali\u00e1s, este disquinho, \u00e9 pioneiro n\u00e3o apenas como produ\u00e7\u00e3o independente. \u00c9 tamb\u00e9m uma das primeiras manifesta\u00e7\u00f5es isoladas da Bossa Nova, o primeiro compacto triplo (com tr\u00eas faixas em cada lado) e o primeiro compacto de rota\u00e7\u00e3o 33.<br \/>\nTemos aqui o primeiro registro da &#8216;Turma da Savassi&#8217;, a turma dos compositores mineiros Pac\u00edfico Mascarenhas e Roberto Guimar\u00e3es, nomes dos mais importantes da m\u00fasica mineira e porque n\u00e3o dizer, da Bossa mineira. Olhando assim, pela capa, para muitos esse disquinho pode ter passado batido, at\u00e9 porque quem se destaca \u00e9 o int\u00e9rprete, o cantor da turma, Carlos Hamilton. Quem v\u00ea o disquinho sem lhe dar muita aten\u00e7\u00e3o h\u00e1 de entender este, apenas como mais um velho compacto independente (e que ningu\u00e9m conhece e se interessa). Mas, nesse sentido, o valor est\u00e1 na obra, nas composi\u00e7\u00f5es, em especial de Pac\u00edfico Mascarenhas, onde temos uma aut\u00eantica bossa nova, a faixa de abertura, &#8220;Pouca dura\u00e7\u00e3o&#8221;. Acredito que poucos conhecem bem essa m\u00fasica, a qual tamb\u00e9m aparece em outros discos do compositor. Este samba, que \u00e9 pura bossa surgi neste compacto, que foi lan\u00e7ado no in\u00edcio dos anos 60. Infelizmente, eu n\u00e3o consegui localizar a data, a qual seria muito importante para termos uma dimens\u00e3o da coisa. Ao que contam, Pac\u00edfico conseguiu convencer o produtor fonogr\u00e1fico Harry Zuckerman a transformar o compacto de 45 rpm em 33. Assim a Companhia Industrial de Discos (CID) criou o primeiro compacto, uma produ\u00e7\u00e3o independente para este 7 polegadas e dava-se a\u00ed in\u00edcio aos disquinhos, agora rodando em 33 rpm. N\u00e3o deixem de conferir essa raridade. Logo mais algu\u00e9m coloca no Youtube (e eu aqui nem sou lembrado).<\/p>\n<div style=\"text-align: center;\">pouca dura\u00e7\u00e3o<\/div>\n<div style=\"text-align: center;\">quantos anos<\/div>\n<div style=\"text-align: center;\">olhos feiticeiros<\/div>\n<div style=\"text-align: center;\">blusa vermelha<\/div>\n<div style=\"text-align: center;\">para haver amor<\/div>\n<div style=\"text-align: center;\">sem dizer mais nada<\/div>\n<div><\/div>\n<div><\/div>\n<div>.<\/div>\n","protected":false},"excerpt":{"rendered":"<p>Bom dia, car\u00edssimos amigos cultos e ocultos! Mais uma vez, fazendo jus a nossa tradi\u00e7\u00e3o, temos aqui uma raridade de alto n\u00edvel, coisa que voc\u00eas s\u00f3 encontram em primeira m\u00e3o no Toque Musical. Trago hoje para voc\u00eas esse rar\u00edssimo compacto, &hellip; <a href=\"https:\/\/www.toque-musicall.com\/?p=6394\">Continue lendo <span class=\"meta-nav\">&rarr;<\/span><\/a><\/p>\n","protected":false},"author":1,"featured_media":0,"comment_status":"open","ping_status":"closed","sticky":false,"template":"","format":"standard","meta":{"footnotes":""},"categories":[93,1180,2955,86],"tags":[],"class_list":["post-6394","post","type-post","status-publish","format-standard","hentry","category-compactos","category-pacifico-mascarenhas","category-roberto-guimaraes","category-selo-odeon"],"_links":{"self":[{"href":"https:\/\/www.toque-musicall.com\/index.php?rest_route=\/wp\/v2\/posts\/6394","targetHints":{"allow":["GET"]}}],"collection":[{"href":"https:\/\/www.toque-musicall.com\/index.php?rest_route=\/wp\/v2\/posts"}],"about":[{"href":"https:\/\/www.toque-musicall.com\/index.php?rest_route=\/wp\/v2\/types\/post"}],"author":[{"embeddable":true,"href":"https:\/\/www.toque-musicall.com\/index.php?rest_route=\/wp\/v2\/users\/1"}],"replies":[{"embeddable":true,"href":"https:\/\/www.toque-musicall.com\/index.php?rest_route=%2Fwp%2Fv2%2Fcomments&post=6394"}],"version-history":[{"count":1,"href":"https:\/\/www.toque-musicall.com\/index.php?rest_route=\/wp\/v2\/posts\/6394\/revisions"}],"predecessor-version":[{"id":6395,"href":"https:\/\/www.toque-musicall.com\/index.php?rest_route=\/wp\/v2\/posts\/6394\/revisions\/6395"}],"wp:attachment":[{"href":"https:\/\/www.toque-musicall.com\/index.php?rest_route=%2Fwp%2Fv2%2Fmedia&parent=6394"}],"wp:term":[{"taxonomy":"category","embeddable":true,"href":"https:\/\/www.toque-musicall.com\/index.php?rest_route=%2Fwp%2Fv2%2Fcategories&post=6394"},{"taxonomy":"post_tag","embeddable":true,"href":"https:\/\/www.toque-musicall.com\/index.php?rest_route=%2Fwp%2Fv2%2Ftags&post=6394"}],"curies":[{"name":"wp","href":"https:\/\/api.w.org\/{rel}","templated":true}]}}