{"id":640,"date":"2010-11-14T17:07:00","date_gmt":"2010-11-14T17:07:00","guid":{"rendered":"http:\/\/www.toque-musicall.com\/?p=640"},"modified":"2010-11-14T17:07:00","modified_gmt":"2010-11-14T17:07:00","slug":"os-pequenos-cantores-da-guanabara-vozes-da-cidade-maravilhosa-1962","status":"publish","type":"post","link":"https:\/\/www.toque-musicall.com\/?p=640","title":{"rendered":"Os Pequenos Cantores da Guanabara &#8211; Vozes Da Cidade Maravilhosa (1962)"},"content":{"rendered":"<p><a href=\"http:\/\/1.bp.blogspot.com\/_DSKVEvHtskc\/TOAXpa-1h1I\/AAAAAAAAHTw\/jQORZVMFNyg\/s1600\/os+pequenos+Fp.jpg\"><img decoding=\"async\" style=\"TEXT-ALIGN: center; MARGIN: 0px auto 10px; WIDTH: 400px; DISPLAY: block; HEIGHT: 389px; CURSOR: hand\" id=\"BLOGGER_PHOTO_ID_5539453542050662226\" border=\"0\" alt=\"\" src=\"http:\/\/1.bp.blogspot.com\/_DSKVEvHtskc\/TOAXpa-1h1I\/AAAAAAAAHTw\/jQORZVMFNyg\/s400\/os+pequenos+Fp.jpg\" \/><\/a>Boa tarde, amigos cultos e ocultos! A ideia de postarmos mais alguns compactos parece ser bem apreciada. Vamos ver se na pr\u00f3xima semana eu consigo preparar outros do pacote que comentei. Por enquanto, deixa eu por em dia algumas pend\u00eancias, que por certo agradar\u00e3o da mesma forma.<br \/>Tenho aqui um lp dOs Pequenos Cantores da Guanabara, um vocal formado por alunos, meninos de 9 a 14 anos, do Col\u00e9gio Salesiano, do Rio de Janeiro. O coral nasceu em 1958, fundado pelo padre da escola, Jo\u00e3o Bedeschi. O grupo se tornou muito popular, fazendo apresenta\u00e7\u00f5es por diversas cidades do Brasil, na televis\u00e3o e no r\u00e1dio. Influenciaram diversos outro grupos musicais estudantis. Gravaram diversos discos ao longo dos anos, mantendo sempre renovada as suas vozes com a entrada de novos alunos cantores. Em &#8220;Vozes da Cidade Maravilhosa&#8221; temos doze temas inspirados. M\u00fasicas escolhidas a dedo e interpretadas com um profissionalismo, hoje em dia dif\u00edcil de comparar. No repert\u00f3rio, al\u00e9m de grandes sucessos da nossa m\u00fasica popular, destaco as composi\u00e7\u00f5es do Padre Ralfy Mendes, s\u00e3o geniais. Gostaria at\u00e9 de saber um pouco mais sobre ele. Ser\u00e1 que tem outras composi\u00e7\u00f5es? E os meninos, heim? Vejam s\u00f3 que beleza&#8230; cantam muito bem \ud83d\ude42<\/p>\n<div align=\"center\">ok<\/div>\n<div align=\"center\">valsa de uma cidade<\/div>\n<div align=\"center\">ave maria<\/div>\n<div align=\"center\">pastorinhas<\/div>\n<div align=\"center\">tiro liro liro<\/div>\n<div align=\"center\">raps\u00f3dia infantil<\/div>\n<div align=\"center\">no tempo do on\u00e7a<\/div>\n<div align=\"center\">rancho das flores<\/div>\n<div align=\"center\">sonhei<\/div>\n<div align=\"center\">bem te vi<\/div>\n<div align=\"center\">favela diferente<\/div>\n<div align=\"center\">sempre vivas:<\/div>\n<div align=\"center\"><em>nesta rua <\/em><\/div>\n<div align=\"center\"><em>casinha pequenina<\/em><\/div>\n<div align=\"center\"><em>maring\u00e1 <\/em><\/div>\n<div align=\"center\"><em>cidade maravilhosa<\/em><\/div>\n<div align=\"center\"><em><\/em> <\/div>\n<div align=\"center\"> <\/div>\n","protected":false},"excerpt":{"rendered":"<p>Boa tarde, amigos cultos e ocultos! A ideia de postarmos mais alguns compactos parece ser bem apreciada. Vamos ver se na pr\u00f3xima semana eu consigo preparar outros do pacote que comentei. Por enquanto, deixa eu por em dia algumas pend\u00eancias, &hellip; <a href=\"https:\/\/www.toque-musicall.com\/?p=640\">Continue lendo <span class=\"meta-nav\">&rarr;<\/span><\/a><\/p>\n","protected":false},"author":1,"featured_media":0,"comment_status":"open","ping_status":"closed","sticky":false,"template":"","format":"standard","meta":{"footnotes":""},"categories":[940],"tags":[],"class_list":["post-640","post","type-post","status-publish","format-standard","hentry","category-os-pequenos-cantores-da-guanabara"],"_links":{"self":[{"href":"https:\/\/www.toque-musicall.com\/index.php?rest_route=\/wp\/v2\/posts\/640","targetHints":{"allow":["GET"]}}],"collection":[{"href":"https:\/\/www.toque-musicall.com\/index.php?rest_route=\/wp\/v2\/posts"}],"about":[{"href":"https:\/\/www.toque-musicall.com\/index.php?rest_route=\/wp\/v2\/types\/post"}],"author":[{"embeddable":true,"href":"https:\/\/www.toque-musicall.com\/index.php?rest_route=\/wp\/v2\/users\/1"}],"replies":[{"embeddable":true,"href":"https:\/\/www.toque-musicall.com\/index.php?rest_route=%2Fwp%2Fv2%2Fcomments&post=640"}],"version-history":[{"count":0,"href":"https:\/\/www.toque-musicall.com\/index.php?rest_route=\/wp\/v2\/posts\/640\/revisions"}],"wp:attachment":[{"href":"https:\/\/www.toque-musicall.com\/index.php?rest_route=%2Fwp%2Fv2%2Fmedia&parent=640"}],"wp:term":[{"taxonomy":"category","embeddable":true,"href":"https:\/\/www.toque-musicall.com\/index.php?rest_route=%2Fwp%2Fv2%2Fcategories&post=640"},{"taxonomy":"post_tag","embeddable":true,"href":"https:\/\/www.toque-musicall.com\/index.php?rest_route=%2Fwp%2Fv2%2Ftags&post=640"}],"curies":[{"name":"wp","href":"https:\/\/api.w.org\/{rel}","templated":true}]}}