{"id":6402,"date":"2018-05-16T19:34:25","date_gmt":"2018-05-16T22:34:25","guid":{"rendered":"http:\/\/www.toque-musicall.com\/?p=6402"},"modified":"2018-06-02T19:37:55","modified_gmt":"2018-06-02T22:37:55","slug":"joao-da-praia-1974","status":"publish","type":"post","link":"https:\/\/www.toque-musicall.com\/?p=6402","title":{"rendered":"Jo\u00e3o Da Praia (1974)"},"content":{"rendered":"<p><img loading=\"lazy\" decoding=\"async\" class=\"aligncenter size-large\" src=\"https:\/\/2.bp.blogspot.com\/-myKytx87cEA\/WxMajHn_c4I\/AAAAAAAAO7c\/SIeJ05So-t0UTj1QkcExcey34InqBTMqQCLcBGAs\/s640\/capa.JPG\" width=\"638\" height=\"640\" \/><img loading=\"lazy\" decoding=\"async\" class=\"alignnone size-large\" src=\"https:\/\/3.bp.blogspot.com\/-GPwcr_LC0vg\/WxMajN7mBdI\/AAAAAAAAO7g\/67yiRYlGY2Iw--gznpx68zqSeog_RQgpwCLcBGAs\/s640\/lado%2Ba.JPG\" width=\"640\" height=\"595\" \/><img loading=\"lazy\" decoding=\"async\" class=\"aligncenter size-large\" src=\"https:\/\/3.bp.blogspot.com\/-4slVS40mGWs\/WxMai9XypSI\/AAAAAAAAO7Y\/-Mig1bolR88lV_3JYxF2D8N5mKdgOkbYQCLcBGAs\/s640\/lado%2Bb.JPG\" width=\"634\" height=\"640\" \/><\/p>\n<p>Hoje, o TM oferece a seus amigos cultos e ocultos um raro compacto duplo da Copacabana (selo Beverly), editado em 1974, apresentando quatro grava\u00e7\u00f5es feitas pelo cantor e compositor Jo\u00e3o da Praia, e anteriormente lan\u00e7adas em dois compactos simples. Nascido no Rio de Janeiro, em 1950, Jo\u00e3o da Praia recebeu, na pia batismal, o nome de Ant\u00f4nio Jorge Zacarias. Analfabeto, ele vendia sorvete na lend\u00e1ria Praia de Copacabana, quando foi descoberto pelo produtor Jacques Ayres. Da\u00ed por diante, empunhando um viol\u00e3o de uma corda s\u00f3 que achou no lixo, Jo\u00e3o da Praia conseguiu sucesso logo no primeiro compacto simples, apresentando no lado A uma can\u00e7\u00e3o rural com estrofes hil\u00e1rias, que aproveita como refr\u00e3o um dito popular: \u201cAonde a vaca vai, o boi vai atr\u00e1s\u201d. Um dos maiores sucessos populares de 1974 (servindo at\u00e9 como jingle publicit\u00e1rio de uma marca de inseticida!)<a href=\"https:\/\/www.blogger.com\/null\" name=\"_GoBack\"><\/a>, \u201cO boi vai atr\u00e1s\u201d consagrou Jo\u00e3o da Praia nacionalmente, tornando-o atra\u00e7\u00e3o em v\u00e1rios programas de televis\u00e3o da \u00e9poca, e o single vendeu trezentas mil c\u00f3pias (o lado B, \u201cMeu cajueiro\u201d, \u00e9 a faixa que encerra o presente compacto duplo). \u00a0Meses depois, veio o segundo single, com \u201cFormiga cabe\u00e7uda\u201d e \u201cPreta linda\u201d, faixas tamb\u00e9m aqui constantes.\u00a0 Em 1975, ele ainda lan\u00e7aria a m\u00fasica \u201cPolui\u00e7\u00e3o\u201d, lado B de outro compacto simples da Beverly\/Copacabana, dividido com a dupla Conde e Dr\u00e1cula, que no lado A interpretava \u201cT\u00e1 faltando \u00f4me\u201d. Entretanto, Jo\u00e3o da Praia n\u00e3o conseguiu repetir o sucesso de \u201cO boi vai atr\u00e1s\u201d. Consta que S\u00edlvio Santos o contratou para se apresentar em seu programa dominical (\u00e0 \u00e9poca transmitido pela TV Globo) e ele n\u00e3o foi, mesmo com tudo pago. S\u00edlvio anunciou \u201cVem a\u00ed Jo\u00e3o da Praia\u201d cinco vezes , mas nada dele aparecer! Depois disso, ele caiu no ostracismo, tendo de trabalhar como motorista e balconista para sobreviver. Seu \u00faltimo disco foi um outro compacto duplo, editado em 1981 pela obscura Nacional Discos, apresentando as m\u00fasicas \u201cCom minha vaca lavei a \u00e9gua\u201d, \u201cMundo enrolado\u201d, \u201cCusto de vida at\u00e9 o ano 2001\u201d e \u201cRock coceira\u201d, evidentemente sem repercuss\u00e3o. As informa\u00e7\u00f5es sobre o falecimento de Jo\u00e3o da Praia s\u00e3o desencontradas. Segundo a revista \u201cVeja\u201d, ele teria morrido em primeiro de julho de 1988, aos 38 anos, de ataque card\u00edaco, em Duque de Caxias, Rio de Janeiro. Entretanto, amigos de Jo\u00e3o da Praia entraram em contato com o portal \u201cMem\u00f3ria da MPB\u201d, informando que o falecimento dele aconteceu em 1989, em S\u00e3o Paulo, no Hospital Zona Sul, bairro de Santo Amaro, e seus restos mortais est\u00e3o sepultados no Cemit\u00e9rio S\u00e3o Lu\u00eds. Portanto, este compacto duplo \u00e9 um documento hist\u00f3rico que o TM hoje nos oferece, e mais uma joia rara para os que garimpam raridades discogr\u00e1ficas. Aproveitem&#8230;<\/p>\n<div style=\"text-align: center;\">formiga cabe\u00e7uda<\/div>\n<div style=\"text-align: center;\">preta linda<\/div>\n<div style=\"text-align: center;\">o boi vai atras<\/div>\n<div style=\"text-align: center;\">meu cajueiro<\/div>\n<div><\/div>\n<div>*Texto de Samuel Machado Filho<\/div>\n","protected":false},"excerpt":{"rendered":"<p>Hoje, o TM oferece a seus amigos cultos e ocultos um raro compacto duplo da Copacabana (selo Beverly), editado em 1974, apresentando quatro grava\u00e7\u00f5es feitas pelo cantor e compositor Jo\u00e3o da Praia, e anteriormente lan\u00e7adas em dois compactos simples. Nascido &hellip; <a href=\"https:\/\/www.toque-musicall.com\/?p=6402\">Continue lendo <span class=\"meta-nav\">&rarr;<\/span><\/a><\/p>\n","protected":false},"author":1,"featured_media":0,"comment_status":"open","ping_status":"closed","sticky":false,"template":"","format":"standard","meta":{"footnotes":""},"categories":[93,2957,55],"tags":[],"class_list":["post-6402","post","type-post","status-publish","format-standard","hentry","category-compactos","category-joao-da-praia","category-selo-beverly"],"_links":{"self":[{"href":"https:\/\/www.toque-musicall.com\/index.php?rest_route=\/wp\/v2\/posts\/6402","targetHints":{"allow":["GET"]}}],"collection":[{"href":"https:\/\/www.toque-musicall.com\/index.php?rest_route=\/wp\/v2\/posts"}],"about":[{"href":"https:\/\/www.toque-musicall.com\/index.php?rest_route=\/wp\/v2\/types\/post"}],"author":[{"embeddable":true,"href":"https:\/\/www.toque-musicall.com\/index.php?rest_route=\/wp\/v2\/users\/1"}],"replies":[{"embeddable":true,"href":"https:\/\/www.toque-musicall.com\/index.php?rest_route=%2Fwp%2Fv2%2Fcomments&post=6402"}],"version-history":[{"count":1,"href":"https:\/\/www.toque-musicall.com\/index.php?rest_route=\/wp\/v2\/posts\/6402\/revisions"}],"predecessor-version":[{"id":6403,"href":"https:\/\/www.toque-musicall.com\/index.php?rest_route=\/wp\/v2\/posts\/6402\/revisions\/6403"}],"wp:attachment":[{"href":"https:\/\/www.toque-musicall.com\/index.php?rest_route=%2Fwp%2Fv2%2Fmedia&parent=6402"}],"wp:term":[{"taxonomy":"category","embeddable":true,"href":"https:\/\/www.toque-musicall.com\/index.php?rest_route=%2Fwp%2Fv2%2Fcategories&post=6402"},{"taxonomy":"post_tag","embeddable":true,"href":"https:\/\/www.toque-musicall.com\/index.php?rest_route=%2Fwp%2Fv2%2Ftags&post=6402"}],"curies":[{"name":"wp","href":"https:\/\/api.w.org\/{rel}","templated":true}]}}