{"id":6404,"date":"2018-05-18T21:04:52","date_gmt":"2018-05-19T00:04:52","guid":{"rendered":"http:\/\/www.toque-musicall.com\/?p=6404"},"modified":"2018-06-03T21:08:58","modified_gmt":"2018-06-04T00:08:58","slug":"leno-a-festa-dos-seus-15-anos-1969","status":"publish","type":"post","link":"https:\/\/www.toque-musicall.com\/?p=6404","title":{"rendered":"Leno &#8211; A Festa Dos Seus 15 Anos (1969)"},"content":{"rendered":"<p><img loading=\"lazy\" decoding=\"async\" class=\"aligncenter size-large\" src=\"https:\/\/4.bp.blogspot.com\/-XXZKiCW4dUg\/WxNjizmseVI\/AAAAAAAAO74\/poy3IzWg4qQ8hcpcHqCtWZWEjD5Azj4CgCLcBGAs\/s640\/capap.JPG\" width=\"632\" height=\"640\" \/><img loading=\"lazy\" decoding=\"async\" class=\"aligncenter size-large\" src=\"https:\/\/4.bp.blogspot.com\/-apENfnqNoQI\/WxNjjNGiRXI\/AAAAAAAAO78\/assxLdtH620H7MW9xzonDqwgeTGpPrNMwCLcBGAs\/s640\/contrap.JPG\" width=\"626\" height=\"640\" \/><\/p>\n<p style=\"font-weight: 400;\">E prossegue o festival de compactos raros do TM, para alegria de seus amigos cultos e ocultos. Hoje, apresentamos um compacto duplo de Gileno Os\u00f3rio Wanderley de Azevedo, ali\u00e1s, Leno. Ele veio ao mundo no dia 25 de abril de 1949, na capital do Rio Grande do Norte, Natal, e foi um dos maiores astros da Jovem Guarda, como a voz masculina da dupla que formou com a carioca S\u00edlvia L\u00edlia BarrieKnapp, a Lilian. Ap\u00f3s participar de alguns conjuntos de rock dessa \u00e9poca, Leno foi descoberto por produtores da CBS, atual Sony Music, e formou a dupla com Lilian. Em mar\u00e7o de 1966, auge da Jovem Guarda, \u00e9 lan\u00e7ado o compacto simples de estreia de Leno e Lilian, e as duas m\u00fasicas logo fazem enorme sucesso. No lado A, veio a balada rom\u00e2ntica \u201cDevolva-me\u201d, da pr\u00f3pria Lilian em parceria com Renato Barros, fundador e l\u00edder do grupo Renato e seus Blue Caps, que mereceu anos mais tarde uma expressiva regrava\u00e7\u00e3o de Adriana Calcanhoto. E, no verso, \u201cPobre menina\u201d, vers\u00e3o tamb\u00e9m da pr\u00f3pria Lilian para \u201cHangonsloopy\u201d, ent\u00e3o hit do grupo norte-americano The McCoys. Meses depois, vem o primeiro LP, incluindo essas duas m\u00fasicas e outro grande sucesso, tamb\u00e9m lembrado at\u00e9 hoje, \u201cEu n\u00e3o sabia que voc\u00ea existia\u201d, al\u00e9m de vers\u00f5es de hits internacionais da \u00e9poca. Ap\u00f3s o segundo LP, \u201cN\u00e3o acredito\u201d (1967), ainda no per\u00edodo da Jovem Guarda, desentendimentos entre Leno e Lilian acarretaram a separa\u00e7\u00e3o e o consequente fim da dupla, e cada um partiu para carreiras-solos. Em 1972, Leno e Lilian voltaram a cantar juntos, mas sem o brilho de outrora. Tanto Leno quanto Lilian continuam na ativa em suas pr\u00f3prias carreiras, ainda mantendo rela\u00e7\u00f5es amistosas, e, nos anos 90, participaram juntos de homenagens \u00e0 Jovem Guarda, juntamente com outros artistas que dela participaram, como Jerry Adriani e Wanderl\u00e9a. Em sua carreira-solo, Leno possui nove \u00e1lbuns, oito em est\u00fadio e um ao vivo. Al\u00e9m, \u00e9 claro, de in\u00fameros compactos (dessa \u00e9poca, inclusive, \u00e9 o sucesso \u201cA pobreza\u201d, tamb\u00e9m conhecido por \u201cPaix\u00e3o proibida\u201d). Seu mais recente trabalho \u00e9 \u201cCan\u00e7\u00f5es com Raulzito\u201d (ali\u00e1s, Raul Seixas), lan\u00e7ado em 2010. Hoje, o TM oferece \u201cA festa dos seus quinze anos\u201d, compacto duplo com m\u00fasicas do segundo LP-solo de Leno, editado pela CBS em novembro de 1969. Por sinal, era comum, nessa \u00e9poca, o lan\u00e7amento de compactos simples e duplos extra\u00eddos dos LPs, possibilitando aos compradores de poucas posses terem as melhores faixas, ou as que mais agradavam. A faixa-t\u00edtulo e de abertura, composta por Ed Wilson, \u00e9 uma \u00f3tima balada rom\u00e2ntica que obteve boa aceita\u00e7\u00e3o na \u00e9poca, sendo at\u00e9 hoje executada em programas de r\u00e1dio de cunho saudosista. E, nesse disquinho, temos ainda \u201cQuando voc\u00ea me deixou\u201d, de Pedro Paulo e Get\u00falio Cortes (cujos efeitos no final s\u00e3o propositais), \u201cN\u00e3o precisa devolver\u201d, do j\u00e1 citado Renato Barros, e \u201cN\u00e3o se esque\u00e7a desse bobo\u201d, do pr\u00f3prio Leno. \u00c9 mais uma raridade que o TM oferece com a grata satisfa\u00e7\u00e3o de sempre, de um artista que\u00a0continua em plena atividade. \u00c9 s\u00f3 baixar e ouvir.<br style=\"font-weight: 400;\" \/><br style=\"font-weight: 400;\" \/><\/p>\n<p style=\"font-weight: 400; text-align: center;\">a festa dos seus 15 anos<\/p>\n<p style=\"font-weight: 400; text-align: center;\">quando voc\u00ea me deixou<\/p>\n<p style=\"font-weight: 400; text-align: center;\">n\u00e3o precisa devolver<\/p>\n<p style=\"font-weight: 400; text-align: center;\">n\u00e3o se esque\u00e7a desse bobo<\/p>\n<p>&nbsp;<\/p>\n<p><br style=\"font-weight: 400;\" \/><span style=\"font-weight: 400;\">*Texto de Samuel Machado Filho<\/span><\/p>\n","protected":false},"excerpt":{"rendered":"<p>E prossegue o festival de compactos raros do TM, para alegria de seus amigos cultos e ocultos. Hoje, apresentamos um compacto duplo de Gileno Os\u00f3rio Wanderley de Azevedo, ali\u00e1s, Leno. Ele veio ao mundo no dia 25 de abril de &hellip; <a href=\"https:\/\/www.toque-musicall.com\/?p=6404\">Continue lendo <span class=\"meta-nav\">&rarr;<\/span><\/a><\/p>\n","protected":false},"author":1,"featured_media":0,"comment_status":"open","ping_status":"closed","sticky":false,"template":"","format":"standard","meta":{"footnotes":""},"categories":[1604,2408,1609],"tags":[],"class_list":["post-6404","post","type-post","status-publish","format-standard","hentry","category-gileno","category-leno","category-leno-e-lilian"],"_links":{"self":[{"href":"https:\/\/www.toque-musicall.com\/index.php?rest_route=\/wp\/v2\/posts\/6404","targetHints":{"allow":["GET"]}}],"collection":[{"href":"https:\/\/www.toque-musicall.com\/index.php?rest_route=\/wp\/v2\/posts"}],"about":[{"href":"https:\/\/www.toque-musicall.com\/index.php?rest_route=\/wp\/v2\/types\/post"}],"author":[{"embeddable":true,"href":"https:\/\/www.toque-musicall.com\/index.php?rest_route=\/wp\/v2\/users\/1"}],"replies":[{"embeddable":true,"href":"https:\/\/www.toque-musicall.com\/index.php?rest_route=%2Fwp%2Fv2%2Fcomments&post=6404"}],"version-history":[{"count":1,"href":"https:\/\/www.toque-musicall.com\/index.php?rest_route=\/wp\/v2\/posts\/6404\/revisions"}],"predecessor-version":[{"id":6405,"href":"https:\/\/www.toque-musicall.com\/index.php?rest_route=\/wp\/v2\/posts\/6404\/revisions\/6405"}],"wp:attachment":[{"href":"https:\/\/www.toque-musicall.com\/index.php?rest_route=%2Fwp%2Fv2%2Fmedia&parent=6404"}],"wp:term":[{"taxonomy":"category","embeddable":true,"href":"https:\/\/www.toque-musicall.com\/index.php?rest_route=%2Fwp%2Fv2%2Fcategories&post=6404"},{"taxonomy":"post_tag","embeddable":true,"href":"https:\/\/www.toque-musicall.com\/index.php?rest_route=%2Fwp%2Fv2%2Ftags&post=6404"}],"curies":[{"name":"wp","href":"https:\/\/api.w.org\/{rel}","templated":true}]}}