{"id":641,"date":"2010-11-13T21:16:00","date_gmt":"2010-11-13T21:16:00","guid":{"rendered":"http:\/\/www.toque-musicall.com\/?p=641"},"modified":"2010-11-13T21:16:00","modified_gmt":"2010-11-13T21:16:00","slug":"johnny-alf-compacto-1972","status":"publish","type":"post","link":"https:\/\/www.toque-musicall.com\/?p=641","title":{"rendered":"Johnny Alf &#8211; Compacto (1972)"},"content":{"rendered":"<p><a href=\"http:\/\/3.bp.blogspot.com\/_DSKVEvHtskc\/TN8AtfJArYI\/AAAAAAAAHTk\/PmMEHfA7rAQ\/s1600\/capa.JPG\"><img decoding=\"async\" style=\"TEXT-ALIGN: center; MARGIN: 0px auto 10px; WIDTH: 400px; DISPLAY: block; HEIGHT: 400px; CURSOR: hand\" id=\"BLOGGER_PHOTO_ID_5539146848142404994\" border=\"0\" alt=\"\" src=\"http:\/\/3.bp.blogspot.com\/_DSKVEvHtskc\/TN8AtfJArYI\/AAAAAAAAHTk\/PmMEHfA7rAQ\/s400\/capa.JPG\" \/><\/a>Ol\u00e1s! Olha s\u00f3 o que eu achei aqui&#8230; Nem me lembrava mais desse disquinho. Na verdade nem me dei conta de um envelope escondido na estante, atr\u00e1s dos lps. Eram alguns compactos daqueles em embalagens chamadas de &#8216;sanduiches&#8217;, onde a capa vem envolvida por um pl\u00e1stico. Eram muito comuns nos anos 60, principalmente nos lps. Me parece at\u00e9 que era patenteada, uma exclusividade da Odeon, embora existam  discos assim de outras gravadoras, como a Som Livre. Fiquei rindo atoa com esse achado. Eu havia separado os disquinhos para um colecionador. Como o cara n\u00e3o me procurou mais, acabei deixando o embrulho no limbo.<br \/>Esse compacto do Johnny Alf eu ainda n\u00e3o tive tempo de ouvir e comparar as m\u00fasicas com as gravadas em lps. Geralmente sempre encontramos uma grava\u00e7\u00e3o diferente, uma vers\u00e3o para os compactos. Por vezes at\u00e9 m\u00fasicas que n\u00e3o chegaram a entrar nos \u00e1lbuns. Seria o caso desse? Eu acho que sim \ud83d\ude09 Mas vamos conferir juntos&#8230;<\/p>\n<div align=\"center\">eu e a brisa<\/div>\n<div align=\"center\">tema carnaval<\/div>\n<div align=\"center\">sand\u00e1lia de prata<\/div>\n<div align=\"center\">n\u00e3o deixe a zorra morrer<\/div><\/p>\n","protected":false},"excerpt":{"rendered":"<p>Ol\u00e1s! Olha s\u00f3 o que eu achei aqui&#8230; Nem me lembrava mais desse disquinho. Na verdade nem me dei conta de um envelope escondido na estante, atr\u00e1s dos lps. Eram alguns compactos daqueles em embalagens chamadas de &#8216;sanduiches&#8217;, onde a &hellip; <a href=\"https:\/\/www.toque-musicall.com\/?p=641\">Continue lendo <span class=\"meta-nav\">&rarr;<\/span><\/a><\/p>\n","protected":false},"author":1,"featured_media":0,"comment_status":"open","ping_status":"closed","sticky":false,"template":"","format":"standard","meta":{"footnotes":""},"categories":[568],"tags":[],"class_list":["post-641","post","type-post","status-publish","format-standard","hentry","category-johnny-alf"],"_links":{"self":[{"href":"https:\/\/www.toque-musicall.com\/index.php?rest_route=\/wp\/v2\/posts\/641","targetHints":{"allow":["GET"]}}],"collection":[{"href":"https:\/\/www.toque-musicall.com\/index.php?rest_route=\/wp\/v2\/posts"}],"about":[{"href":"https:\/\/www.toque-musicall.com\/index.php?rest_route=\/wp\/v2\/types\/post"}],"author":[{"embeddable":true,"href":"https:\/\/www.toque-musicall.com\/index.php?rest_route=\/wp\/v2\/users\/1"}],"replies":[{"embeddable":true,"href":"https:\/\/www.toque-musicall.com\/index.php?rest_route=%2Fwp%2Fv2%2Fcomments&post=641"}],"version-history":[{"count":0,"href":"https:\/\/www.toque-musicall.com\/index.php?rest_route=\/wp\/v2\/posts\/641\/revisions"}],"wp:attachment":[{"href":"https:\/\/www.toque-musicall.com\/index.php?rest_route=%2Fwp%2Fv2%2Fmedia&parent=641"}],"wp:term":[{"taxonomy":"category","embeddable":true,"href":"https:\/\/www.toque-musicall.com\/index.php?rest_route=%2Fwp%2Fv2%2Fcategories&post=641"},{"taxonomy":"post_tag","embeddable":true,"href":"https:\/\/www.toque-musicall.com\/index.php?rest_route=%2Fwp%2Fv2%2Ftags&post=641"}],"curies":[{"name":"wp","href":"https:\/\/api.w.org\/{rel}","templated":true}]}}