{"id":6410,"date":"2018-05-31T21:55:13","date_gmt":"2018-06-01T00:55:13","guid":{"rendered":"http:\/\/www.toque-musicall.com\/?p=6410"},"modified":"2018-06-10T22:17:00","modified_gmt":"2018-06-11T01:17:00","slug":"armando-macedo-compacto-1968","status":"publish","type":"post","link":"https:\/\/www.toque-musicall.com\/?p=6410","title":{"rendered":"Armando Macedo &#8211; Compacto (1968)"},"content":{"rendered":"<p><img loading=\"lazy\" decoding=\"async\" class=\"aligncenter size-large\" src=\"https:\/\/2.bp.blogspot.com\/-TMU5TJ23Kh8\/Wx3JU_UxzzI\/AAAAAAAAO9c\/wxVOftZmjUIpXyuaRuRIkdFkYs_wtSWvQCLcBGAs\/s640\/capa.JPG\" width=\"625\" height=\"640\" \/><img loading=\"lazy\" decoding=\"async\" class=\"aligncenter size-large\" src=\"https:\/\/3.bp.blogspot.com\/-t5aHZ78FMoM\/Wx3JUWVYs6I\/AAAAAAAAO9Y\/EVjwf8tAaHIzjiLqlIK1w8TOtYAhaohiQCLcBGAs\/s640\/contra.JPG\" width=\"628\" height=\"640\" \/><\/p>\n<p style=\"font-weight: 400;\">Mais um precioso compacto \u00e9 oferecido hoje pelo TM a seus amigos cultos e ocultos. E de inestim\u00e1vel valor hist\u00f3rico, pois documenta o in\u00edcio de carreira de um de nossos mais talentosos e expressivos m\u00fasicos: Armando Macedo, mais tarde conhecido como Armandinho. Instrumentista, cantor e compositor, Armando da Costa Macedo nasceu em Salvador, capital da Bahia, em 22 de maio de 1953. \u00c9 filho de Osmar Macedo, da dupla Dod\u00f4 e Osmar, idealizadores do c\u00e9lebre trio el\u00e9trico de mesmo nome. Em 1962, Armandinho formou o grupo de frevo Trio El\u00e9trico Mirim, em 1962, e em 1967 o conjunto de rock Hell\u2019sAngels.\u00a0\u00a0Mais tarde apresentou-se no programa \u2018A grande chance\u201d, da TV Tupi carioca, apresentado pelo pol\u00eamico Fl\u00e1vio Cavalcanti. Ficou em primeiro lugar na fase eliminat\u00f3ria e, no ano seguinte, gravou seu disco de estreia, o compacto que apresentamos hoje. Em 1974, juntou-se a seu pai e outros m\u00fasicos para formar o Trio El\u00e9trico Armandinho, Dod\u00f4 &amp; Osmar, lan\u00e7ando in\u00fameros discos carnavalescos ao longo dos anos 80. Paralelamente, no final dos anos 70, Armandinho formou o grupo A Cor do Som, inicialmente a banda de apoio de Moraes Moreira, que tamb\u00e9m se apresentava no Trio El\u00e9trico Armandinho, Dod\u00f4 &amp; Osmar. Formada ainda por Dadi (baixo e vocal), M\u00fa Carvalho (teclados e vocal) e Gustavo Schroeter (bateria), A Cor do Som lan\u00e7ou seu primeiro \u00e1lbum em 1977, notabilizando-se pela alta qualidade instrumental, misturando jazz, rock e MPB. Em meados de 1979, o percussionista e vocalista Ary Dias, que tamb\u00e9m tocava no Trio El\u00e9trico, passa a integrar o grupo, que um ano antes se apresentara no Festival de Jazz de Montreux, na Su\u00ed\u00e7a, resultando em um disco ao vivo. Alcan\u00e7am novo patamar de sucesso ao introduzirem m\u00fasicas cantadas a partir do terceiro LP, \u201cFrutificar\u201d, do qual brotaram hits do porte de \u201cBeleza pura\u201d (Caetano Veloso), \u201cAbri a porta\u201d (Gilberto Gil e Dominguinhos) e \u201cZanzibar\u201d (Armandinho e Fausto Nilo). Em meados de 1981, ap\u00f3s gravar mais dois \u00e1lbuns com A Cor do Som (\u201cTranse total\u201d e \u201cMudan\u00e7a de esta\u00e7\u00e3o\u201d), Armandinho deixa o grupo para dedicar-se \u00e0 carreira-solo e seu projeto com o Trio El\u00e9trico Dod\u00f4 &amp; Osmar. Ao longo dos anos seguintes, daria continuidade a seu trabalho instrumental, voltado para o choro e outros g\u00eaneros, gravando e se apresentando ao lado de m\u00fasicos do porte de Raphael Rabello, Paulo Moura, o conjunto \u00c9poca de Ouro, Moraes Moreira, Pepeu Gomes, Caetano Veloso e Yamand\u00fa Costa. Em 2005, se re\u00fane novamente com A Cor do Som, gravando um disco ac\u00fastico e realizando shows espor\u00e1dicos. Este pequeno, grande e precioso disco, pontap\u00e9 inicial da vitoriosa carreira de Armandinho, foi gravado ao vivo no Teatro Municipal do Rio de Janeiro, em 1968, e lan\u00e7ado pela extinta Codil com o selo Compacto. Nele, o ent\u00e3o Armando Macedo executa ao bandolim pe\u00e7as eruditas e populares, acompanhado pelo violonista Horondino Silva, o Dino Sete Cordas. No lado A, um pot-pourri que junta as \u201cCzardas\u201d de Vitorio Monte a temas de Zequinha de Abreu (\u201cBranca\u201d), Honorino Lopes (\u201cL\u00edngua de preto\u201d), Manoel Marques (\u201cTema de amor em forma de prel\u00fadio\u201d) e S\u00e9rgio Bittencourt (\u201cModinha\u201d). E, no lado B, temos a \u201cMarcha turca\u201d, de Mozart. Tudo isso com virtuosismo e maestria, fazendo deste single de estreia de Armando Macedo, o futuro Armandinho, um trabalho digno da postagem do meu, do seu, do nosso Toque Musical!<\/p>\n<p style=\"font-weight: 400; text-align: center;\">branca<\/p>\n<p style=\"font-weight: 400; text-align: center;\">czardas<\/p>\n<p style=\"font-weight: 400; text-align: center;\">lingua de preto<\/p>\n<p style=\"font-weight: 400; text-align: center;\">tema de amor<\/p>\n<p style=\"font-weight: 400; text-align: center;\">preludio<\/p>\n<p style=\"font-weight: 400; text-align: center;\">modinha<\/p>\n<p style=\"font-weight: 400; text-align: center;\">marcha turca<\/p>\n<p><br style=\"font-weight: 400;\" \/><span style=\"font-weight: 400;\">*Texto de Samuel Machado Filho<\/span><\/p>\n","protected":false},"excerpt":{"rendered":"<p>Mais um precioso compacto \u00e9 oferecido hoje pelo TM a seus amigos cultos e ocultos. E de inestim\u00e1vel valor hist\u00f3rico, pois documenta o in\u00edcio de carreira de um de nossos mais talentosos e expressivos m\u00fasicos: Armando Macedo, mais tarde conhecido &hellip; <a href=\"https:\/\/www.toque-musicall.com\/?p=6410\">Continue lendo <span class=\"meta-nav\">&rarr;<\/span><\/a><\/p>\n","protected":false},"author":1,"featured_media":0,"comment_status":"open","ping_status":"closed","sticky":false,"template":"","format":"standard","meta":{"footnotes":""},"categories":[1270,93,2948],"tags":[],"class_list":["post-6410","post","type-post","status-publish","format-standard","hentry","category-armandinho","category-compactos","category-selo-codil"],"_links":{"self":[{"href":"https:\/\/www.toque-musicall.com\/index.php?rest_route=\/wp\/v2\/posts\/6410","targetHints":{"allow":["GET"]}}],"collection":[{"href":"https:\/\/www.toque-musicall.com\/index.php?rest_route=\/wp\/v2\/posts"}],"about":[{"href":"https:\/\/www.toque-musicall.com\/index.php?rest_route=\/wp\/v2\/types\/post"}],"author":[{"embeddable":true,"href":"https:\/\/www.toque-musicall.com\/index.php?rest_route=\/wp\/v2\/users\/1"}],"replies":[{"embeddable":true,"href":"https:\/\/www.toque-musicall.com\/index.php?rest_route=%2Fwp%2Fv2%2Fcomments&post=6410"}],"version-history":[{"count":2,"href":"https:\/\/www.toque-musicall.com\/index.php?rest_route=\/wp\/v2\/posts\/6410\/revisions"}],"predecessor-version":[{"id":6412,"href":"https:\/\/www.toque-musicall.com\/index.php?rest_route=\/wp\/v2\/posts\/6410\/revisions\/6412"}],"wp:attachment":[{"href":"https:\/\/www.toque-musicall.com\/index.php?rest_route=%2Fwp%2Fv2%2Fmedia&parent=6410"}],"wp:term":[{"taxonomy":"category","embeddable":true,"href":"https:\/\/www.toque-musicall.com\/index.php?rest_route=%2Fwp%2Fv2%2Fcategories&post=6410"},{"taxonomy":"post_tag","embeddable":true,"href":"https:\/\/www.toque-musicall.com\/index.php?rest_route=%2Fwp%2Fv2%2Ftags&post=6410"}],"curies":[{"name":"wp","href":"https:\/\/api.w.org\/{rel}","templated":true}]}}