{"id":6413,"date":"2018-05-31T22:17:57","date_gmt":"2018-06-01T01:17:57","guid":{"rendered":"http:\/\/www.toque-musicall.com\/?p=6413"},"modified":"2018-06-10T22:20:41","modified_gmt":"2018-06-11T01:20:41","slug":"os-cariocas-compacto-1965","status":"publish","type":"post","link":"https:\/\/www.toque-musicall.com\/?p=6413","title":{"rendered":"Os Cariocas &#8211; Compacto (1965)"},"content":{"rendered":"<p><img loading=\"lazy\" decoding=\"async\" class=\"aligncenter size-large\" src=\"https:\/\/4.bp.blogspot.com\/-YPV8VjPWewM\/Wx3DB_5tP9I\/AAAAAAAAO9A\/TUer6paONK8ePTryAdCHMAFQfhTAcWsFQCLcBGAs\/s640\/capa.JPG\" width=\"638\" height=\"640\" \/><img loading=\"lazy\" decoding=\"async\" class=\"aligncenter size-large\" src=\"https:\/\/3.bp.blogspot.com\/-_LhQSy4MNMk\/Wx3DCYpGI3I\/AAAAAAAAO9E\/robOfXyWySsMsdiwxeUF-bVmtozq-gpWwCLcBGAs\/s640\/lado%2B1.JPG\" width=\"640\" height=\"607\" \/><img loading=\"lazy\" decoding=\"async\" class=\"aligncenter size-large\" src=\"https:\/\/1.bp.blogspot.com\/-l2yCyOGSR1g\/Wx3DCRof9xI\/AAAAAAAAO9I\/UZnhQe5sr9IJRRVr5KbywClogOTLVn1rgCLcBGAs\/s640\/lado%2B2.JPG\" width=\"619\" height=\"640\" \/><\/p>\n<p>Dentre os conjuntos vocais que deram aquele \u201cbanho de loja\u201d em nossa m\u00fasica popular (Bando da Lua, Anjos do Inferno, Quatro Ases e um Coringa, Vocalistas Tropicais etc.), Os Cariocas ocupam um lugar de destaque. Formado em 1942 por irm\u00e3os paraenses que moravam na Tijuca, Severino de Ara\u00fajo Silva Filho (que seria pai da atriz L\u00facia Ver\u00edssimo) e Ismael de Ara\u00fajo Silva Neto, o grupo era inicialmente um quinteto, completado pelos vizinhos Salvador, Tarqu\u00ednio e Ary Mesquita, este \u00faltimo depois substitu\u00eddo pelo gaitista Waldir Viviani. Come\u00e7aram a carreira em 1945, participando do programa de calouros \u201cPapelcarbono\u201d, apresentado no r\u00e1dio por Renato Murce, e obtendo o terceiro lugar. Em uma segunda tentativa, finalmente conseguem a primeira posi\u00e7\u00e3o, e, em 1946, s\u00e3o contratados pela lend\u00e1ria PRE-8, R\u00e1dio Nacional, a meca art\u00edstica da \u00e9poca.\u00a0 J\u00e1 com Badeco e Quartera no lugar de Tarqu\u00ednio e Salvador, Os Cariocas gravam seu primeiro disco em 1948, na Continental, apresentando o samba \u201cAdeus, Am\u00e9rica\u201d e, no verso, o samba-can\u00e7\u00e3o \u201cNova ilus\u00e3o\u201d, logo causando sensa\u00e7\u00e3o por suas harmonias ousadas e pelo sincopado r\u00edtmico, precursor da bossa nova. Em 1956, falece Ismael Neto e Severino Filho assume a lideran\u00e7a dos Cariocas, contando, por seis anos, com a irm\u00e3 da dupla b\u00e1sica, Hort\u00eansia. Obviamente, participaram da bossa nova, tanto que, em 1962, fizeram parte do show \u201cEncontro\u201d, na boate carioca Au Bon Gourmet, ao lado de Jo\u00e3o Gilberto, Vin\u00edcius de Moraes, Tom Jobim, o bateritaM\u00edlton Banana e o contrabaixista Ot\u00e1vio Bailly, apresentando as m\u00fasicas mais simb\u00f3licas do movimento, tipo \u201cCorcovado\u201d, \u201cSamba do avi\u00e3o\u201d, \u201cChega de saudade\u201d etc.\u00a0 O curr\u00edculo dos Cariocas ainda inclui apresenta\u00e7\u00f5es nos EUA, Argentina, Porto Rico e M\u00e9xico. E ainda atuaram diversas vezes no programa \u201cO fino da bossa\u201d, apresentado na TV Record de S\u00e3o Paulo pelos inesquec\u00edveis Elis Regina e Jair Rodrigues. Em 1966, o grupo se separou, por diverg\u00eancias com o maestro Severino Filho, e cada integrante foi para seu lado. Vinte e um anos mais tarde, 1987, o pianista Alberto Chinelli convidou Severino Filho para ouvir o arranjo feito para o cl\u00e1ssico \u201cDa cor do pecado\u201d, de Boror\u00f3. Severino, entusiasmado, fez o arranjo vocal e chamou os integrantes do conjunto para voltarem aos discos e shows. Em primeiro de mar\u00e7o de 2016, morre Severino Filho, o que parece ter encerrado a longa e gloriosa trajet\u00f3ria dos Cariocas. Da longa e expressiva discografia do conjunto, o TM oferece hoje a seus amigos cultos e ocultos um rar\u00edssimo compacto simples lan\u00e7ado pela Philips em 1965, \u00e9poca em que Os Cariocas eram um quarteto. Ambas as faixas foram extra\u00eddas do LP \u201cOs Cariocas de quatrocentas bossas\u201d, desse mesmo ano. No lado A, um indiscut\u00edvel cl\u00e1ssico rom\u00e2ntico dos irm\u00e3os Marcos e Paulo S\u00e9rgio Valle, \u201cPreciso aprender a ser s\u00f3\u201d, v<a href=\"https:\/\/www.blogger.com\/null\" name=\"_GoBack\"><\/a>erdadeira joia que foi, merecidamente, um dos maiores sucessos musicais de 65, e tem in\u00fameras outras grava\u00e7\u00f5es, como as de Elis Regina, Sylvia Telles e do pr\u00f3prio Marcos Valle. E o lado B apresenta uma curiosidade: a toada \u201cCarro de boi\u201d, de Maur\u00edcio Tapaj\u00f3s com letra de Ant\u00f4nio Carlos de Brito, ali\u00e1s, Cacaso, futuro amigo\/parceiro de \u201cmedalh\u00f5es\u201d da MPB, como Suely Costa, Djavan, Joyce Moreno, Ol\u00edvia Byington,Jo\u00e3o Donato, Edu Lobo e outros mais. \u201cCarro de boi\u201d seria inclusive regravada, em 1976, por M\u00edlton Nascimento, para seu \u00e1lbum \u201cGeraes\u201d. Enfim, outro precioso e raro disquinho com fonogramas preciosos, dignos de figurarem nos acervos de tantos quantos apreciem a m\u00fasica popular brasileira no que ela tem de melhor e mais expressivo. \u00c9 s\u00f3 baixar e conferir.<\/p>\n<div style=\"text-align: center;\">preciso aprender a ser s\u00f3<\/div>\n<div style=\"text-align: center;\">carro de boi<\/div>\n<div><\/div>\n<p>*Texto de Samuel Machado Filho<\/p>\n","protected":false},"excerpt":{"rendered":"<p>Dentre os conjuntos vocais que deram aquele \u201cbanho de loja\u201d em nossa m\u00fasica popular (Bando da Lua, Anjos do Inferno, Quatro Ases e um Coringa, Vocalistas Tropicais etc.), Os Cariocas ocupam um lugar de destaque. Formado em 1942 por irm\u00e3os &hellip; <a href=\"https:\/\/www.toque-musicall.com\/?p=6413\">Continue lendo <span class=\"meta-nav\">&rarr;<\/span><\/a><\/p>\n","protected":false},"author":1,"featured_media":0,"comment_status":"open","ping_status":"closed","sticky":false,"template":"","format":"standard","meta":{"footnotes":""},"categories":[93,290,48],"tags":[],"class_list":["post-6413","post","type-post","status-publish","format-standard","hentry","category-compactos","category-os-cariocas","category-selo-philips"],"_links":{"self":[{"href":"https:\/\/www.toque-musicall.com\/index.php?rest_route=\/wp\/v2\/posts\/6413","targetHints":{"allow":["GET"]}}],"collection":[{"href":"https:\/\/www.toque-musicall.com\/index.php?rest_route=\/wp\/v2\/posts"}],"about":[{"href":"https:\/\/www.toque-musicall.com\/index.php?rest_route=\/wp\/v2\/types\/post"}],"author":[{"embeddable":true,"href":"https:\/\/www.toque-musicall.com\/index.php?rest_route=\/wp\/v2\/users\/1"}],"replies":[{"embeddable":true,"href":"https:\/\/www.toque-musicall.com\/index.php?rest_route=%2Fwp%2Fv2%2Fcomments&post=6413"}],"version-history":[{"count":1,"href":"https:\/\/www.toque-musicall.com\/index.php?rest_route=\/wp\/v2\/posts\/6413\/revisions"}],"predecessor-version":[{"id":6414,"href":"https:\/\/www.toque-musicall.com\/index.php?rest_route=\/wp\/v2\/posts\/6413\/revisions\/6414"}],"wp:attachment":[{"href":"https:\/\/www.toque-musicall.com\/index.php?rest_route=%2Fwp%2Fv2%2Fmedia&parent=6413"}],"wp:term":[{"taxonomy":"category","embeddable":true,"href":"https:\/\/www.toque-musicall.com\/index.php?rest_route=%2Fwp%2Fv2%2Fcategories&post=6413"},{"taxonomy":"post_tag","embeddable":true,"href":"https:\/\/www.toque-musicall.com\/index.php?rest_route=%2Fwp%2Fv2%2Ftags&post=6413"}],"curies":[{"name":"wp","href":"https:\/\/api.w.org\/{rel}","templated":true}]}}