{"id":644,"date":"2010-11-10T20:03:00","date_gmt":"2010-11-10T20:03:00","guid":{"rendered":"http:\/\/www.toque-musicall.com\/?p=644"},"modified":"2010-11-10T20:03:00","modified_gmt":"2010-11-10T20:03:00","slug":"ii-festival-internacional-da-cancao-popular-1967","status":"publish","type":"post","link":"https:\/\/www.toque-musicall.com\/?p=644","title":{"rendered":"II Festival Internacional Da Can\u00e7\u00e3o Popular (1967)"},"content":{"rendered":"<p><a href=\"http:\/\/2.bp.blogspot.com\/_DSKVEvHtskc\/TNr615zOh0I\/AAAAAAAAHTA\/zMNh9n0kXsE\/s1600\/festival+P.JPG\"><img decoding=\"async\" style=\"TEXT-ALIGN: center; MARGIN: 0px auto 10px; WIDTH: 400px; DISPLAY: block; HEIGHT: 392px; CURSOR: hand\" id=\"BLOGGER_PHOTO_ID_5538014495761139522\" border=\"0\" alt=\"\" src=\"http:\/\/2.bp.blogspot.com\/_DSKVEvHtskc\/TNr615zOh0I\/AAAAAAAAHTA\/zMNh9n0kXsE\/s400\/festival+P.JPG\" \/><\/a> Ol\u00e1 amigos cultos e ocultos! Como nesta semana eu j\u00e1 andei postando um disco de Festival, acho que vou mandar outro para voc\u00eas. Segue aqui um rar\u00edssimo e esperado exemplar do II Festival Internacional da Can\u00e7\u00e3o Popular, edi\u00e7\u00e3o Rio, de 1967. Este \u00e1lbum, com certeza, vai fazer muita gente dar pulinhos da alegria. Temos aqui momentos realmente memor\u00e1veis que jamais voltaram a ser vistos e principalmente ouvido pela grande maioria. Eu mesmo, que tenho o disco a tanto tempo, j\u00e1 faz um temp\u00e3o que n\u00e3o o ou\u00e7o. As vezes a gente precisa dar uma geral nas estantes de discos. Fico aqui matutando, tem discos que eu n\u00e3o escuto faz tempo. \u00c9, mas mesmo que eu quisesse&#8230; nem que eu tivesse mais 100 anos de vida, acho que n\u00e3o daria tempo de ouvir tudo. Por isso eu vivo numa constante overdose musical. No dia em que eu acabar de digitalizar todos os meus discos (hoje por volta de 6 terabites, com backup!), acho que n\u00e3o saberei o que fazer depois. Mas tenho a certeza de uma coisa, terei uma tremenda discoteca digital, capaz de suprir os mais variados gostos. Se um dia a m\u00fasica no mundo desaparecer, podem me procurar, eu tenho tudo guardado \ud83d\ude09 Como eu disse uma vez ao Zecaloro, eu n\u00e3o tenho s\u00f3 os meus, tenho tamb\u00e9m os seus \ud83d\ude09 e os de outros blogs que fazem um bom servi\u00e7o completo. Meu alvo principal \u00e9 sempre a m\u00fasica\/disco fora de cat\u00e1logo. S\u00e3o dos esquecidos \u00e9 que precisamos nos lembrar e preservar. O novo ter\u00e1 o seu amanh\u00e3.<br \/>Bom, mas falando do \u00e1lbum do dia, confesso estar um pouco confuso. Me lembrei agora que j\u00e1 havia postado um outro disco deste <a href=\"http:\/\/toque-musicall.blogspot.com\/2009\/05\/ii-festival-internacional-da-cancao.html\">II Festival<\/a> em maio do ano passado. Essas hist\u00f3rias de festivais bagun\u00e7am a minha cabe\u00e7a, principalmente porque h\u00e1 discos que foram lan\u00e7ados com m\u00fasicas de um determinado festival, mas necessariamente n\u00e3o s\u00e3o as representativas ou as que chegaram \u00e0 final. No caso espec\u00edfico deste lp, as m\u00fasicas e artistas n\u00e3o correspondem aos apontados com finalistas ou vencedores. H\u00e1, por exemplo, quatro faixas com a Gracinha Leporace. Ser\u00e1 que ela defendeu essas quatro m\u00fasicas no festival? N\u00e3o estou bem certo e nem quero procurar agora essa informa\u00e7\u00e3o. Vou deixar essa quest\u00e3o em aberto para ver se algum dos amigos cultos e ocultos esclarecem as coisas. As vezes \u00e9 bom ter coment\u00e1rios que v\u00e3o al\u00e9m, pertinentes ao disco postado e que complementam a informa\u00e7\u00e3o. Me sinto mais motivado quando percebo esse interesse. Falem, Zuzas!<\/p>\n<div align=\"center\">margarida &#8211; gutemberg guarabyra e grupo manifesto<\/div>\n<div align=\"center\">carolina &#8211; nara le\u00e3o<\/div>\n<div align=\"center\">o sim pelo n\u00e3o &#8211; mpb-4<\/div>\n<div align=\"center\">canto da despedida &#8211; gracinha<\/div>\n<div align=\"center\">de serra, de terra e de mar &#8211; claudete soares<\/div>\n<div align=\"center\">desencontro &#8211; gracinha leporace<\/div>\n<div align=\"center\">travessia &#8211; elis regina<\/div>\n<div align=\"center\">cantiga &#8211; mpb-4<\/div>\n<div align=\"center\">oferenda &#8211; gracinha leporace<\/div>\n<div align=\"center\">eu sou de oxal\u00e1 &#8211; quarteto em cy<\/div>\n<div align=\"center\">can\u00e7\u00e3o de esperar voc\u00ea &#8211; gracinha leporace<\/div>\n<div align=\"center\"> <\/div>\n<div align=\"center\"> <\/div>\n","protected":false},"excerpt":{"rendered":"<p>Ol\u00e1 amigos cultos e ocultos! Como nesta semana eu j\u00e1 andei postando um disco de Festival, acho que vou mandar outro para voc\u00eas. Segue aqui um rar\u00edssimo e esperado exemplar do II Festival Internacional da Can\u00e7\u00e3o Popular, edi\u00e7\u00e3o Rio, de &hellip; <a href=\"https:\/\/www.toque-musicall.com\/?p=644\">Continue lendo <span class=\"meta-nav\">&rarr;<\/span><\/a><\/p>\n","protected":false},"author":1,"featured_media":0,"comment_status":"open","ping_status":"closed","sticky":false,"template":"","format":"standard","meta":{"footnotes":""},"categories":[49,52,278,946,943,944,945,51,288,50],"tags":[],"class_list":["post-644","post","type-post","status-publish","format-standard","hentry","category-claudette-soares","category-elis-regina","category-festivais","category-gracinha-leporarace","category-grupo-manifesto","category-guttemberg-guarabyra","category-ii-festival-internacional-da-cancao-popular-rio","category-mpb-4","category-nara-leao","category-quarteto-em-cy"],"_links":{"self":[{"href":"https:\/\/www.toque-musicall.com\/index.php?rest_route=\/wp\/v2\/posts\/644","targetHints":{"allow":["GET"]}}],"collection":[{"href":"https:\/\/www.toque-musicall.com\/index.php?rest_route=\/wp\/v2\/posts"}],"about":[{"href":"https:\/\/www.toque-musicall.com\/index.php?rest_route=\/wp\/v2\/types\/post"}],"author":[{"embeddable":true,"href":"https:\/\/www.toque-musicall.com\/index.php?rest_route=\/wp\/v2\/users\/1"}],"replies":[{"embeddable":true,"href":"https:\/\/www.toque-musicall.com\/index.php?rest_route=%2Fwp%2Fv2%2Fcomments&post=644"}],"version-history":[{"count":0,"href":"https:\/\/www.toque-musicall.com\/index.php?rest_route=\/wp\/v2\/posts\/644\/revisions"}],"wp:attachment":[{"href":"https:\/\/www.toque-musicall.com\/index.php?rest_route=%2Fwp%2Fv2%2Fmedia&parent=644"}],"wp:term":[{"taxonomy":"category","embeddable":true,"href":"https:\/\/www.toque-musicall.com\/index.php?rest_route=%2Fwp%2Fv2%2Fcategories&post=644"},{"taxonomy":"post_tag","embeddable":true,"href":"https:\/\/www.toque-musicall.com\/index.php?rest_route=%2Fwp%2Fv2%2Ftags&post=644"}],"curies":[{"name":"wp","href":"https:\/\/api.w.org\/{rel}","templated":true}]}}