{"id":645,"date":"2010-11-09T08:51:00","date_gmt":"2010-11-09T08:51:00","guid":{"rendered":"http:\/\/www.toque-musicall.com\/?p=645"},"modified":"2010-11-09T08:51:00","modified_gmt":"2010-11-09T08:51:00","slug":"tavinho-moura-1980","status":"publish","type":"post","link":"https:\/\/www.toque-musicall.com\/?p=645","title":{"rendered":"Tavinho Moura (1980)"},"content":{"rendered":"<p><a href=\"http:\/\/3.bp.blogspot.com\/_DSKVEvHtskc\/TNkMR21MjPI\/AAAAAAAAHS0\/OUkQpPehK0E\/s1600\/tavinho+P.JPG\"><img decoding=\"async\" style=\"TEXT-ALIGN: center; MARGIN: 0px auto 10px; WIDTH: 400px; DISPLAY: block; HEIGHT: 399px; CURSOR: hand\" id=\"BLOGGER_PHOTO_ID_5537470717744680178\" border=\"0\" alt=\"\" src=\"http:\/\/3.bp.blogspot.com\/_DSKVEvHtskc\/TNkMR21MjPI\/AAAAAAAAHS0\/OUkQpPehK0E\/s400\/tavinho+P.JPG\" \/><\/a>Bom dia! H\u00e1 tr\u00eas anos atr\u00e1s eu postei aqui um disco do Tavinho Moura, na verdade <a href=\"http:\/\/toque-musicall.blogspot.com\/search\/label\/Tavinho%20Moura\">o seu primeiro lp<\/a>. Naquele in\u00edcio do blog eu ainda n\u00e3o estava muito certo se o levaria a diante ou n\u00e3o, as coisas seguiam meio sem prop\u00f3sito e o meu envolvimento era apenas superficial. Acabei deixando de falar um pouco sobre esse artista mineiro que eu gosto tanto.<br \/>Tavinho, para os que n\u00e3o o conhece, \u00e9 um compositor mineiro, nascido l\u00e1 em Juiz de Fora, mas criado em Belo Horizonte. \u00c9 um artista da gera\u00e7\u00e3o do pessoal do Clube da Esquina. Ali\u00e1s, um membro do grupo, pois na adolesc\u00eancia ele j\u00e1 corria com sua bicicleta pelos lados de Santa Tereza e o Horto. Conheceu nessa \u00e9poca Toninho Horta, Nelson Angelo, Milton e os irm\u00e3os Borges. Dessa conviv\u00eancia s\u00f3 podia mesmo render frutos musicais. Tavinho j\u00e1 arranhava o viol\u00e3o e fazia l\u00e1 as suas composi\u00e7\u00f5es. Trabalhou inicialmente fazendo trilhas sonoras. Da conviv\u00eancia com o Clube da Esquina nasceu muita m\u00fasica e parcerias. S\u00f3 veio a gravar seu primeiro disco no final dos anos 70 pela RCA. Um disco com cara de estr\u00e9ia, muito bem feito e que lhe rendeu boas cr\u00edticas. Em seguida veio este, sem um t\u00edtulo, apenas com o seu nome estampado. Eu, sinceramente, n\u00e3o sei qual \u00e9 o melhor, gosto de todos os dois. Acho at\u00e9 que s\u00e3o muito parecidos, uma sequ\u00eancia do primeiro trabalho. Neste \u00e1lbum praticamente quase todas as faixas s\u00e3o de sua autoria ou parcerias com Fernando Brant, M\u00e1rcio Borges, Ronaldo Bastos, al\u00e9m do \u00f3timo poema musicado de Carlos Drummond de Andrade, &#8220;Cabar\u00e9 mineiro&#8221;. De quebra, ainda temos sua interpreta\u00e7\u00e3o de &#8220;A p\u00e1gina do rel\u00e2mpago el\u00e9trico&#8221;, de Beto Guedes e Ronaldo Bastos. Ta\u00ed, um disco que um trem b\u00e3o demais. N\u00e3o deixem de conferir&#8230; \ud83d\ude09<\/p>\n<div align=\"center\">cabar\u00e9 mineiro<\/div>\n<div align=\"center\">a p\u00e1gina do rel\u00e2mpago el\u00e9trico<\/div>\n<div align=\"center\">findo amor<\/div>\n<div align=\"center\">corte palavra<\/div>\n<div align=\"center\">o sonho<\/div>\n<div align=\"center\">peixinho do mar<\/div>\n<div align=\"center\">nossa senhora do \u00f3<\/div>\n<div align=\"center\">peixe vivo<\/div>\n<div align=\"center\">as meninas no trem de sabar\u00e1<\/div>\n<div align=\"center\"> <\/div>\n<div align=\"center\"> <\/div>\n","protected":false},"excerpt":{"rendered":"<p>Bom dia! H\u00e1 tr\u00eas anos atr\u00e1s eu postei aqui um disco do Tavinho Moura, na verdade o seu primeiro lp. Naquele in\u00edcio do blog eu ainda n\u00e3o estava muito certo se o levaria a diante ou n\u00e3o, as coisas seguiam &hellip; <a href=\"https:\/\/www.toque-musicall.com\/?p=645\">Continue lendo <span class=\"meta-nav\">&rarr;<\/span><\/a><\/p>\n","protected":false},"author":1,"featured_media":0,"comment_status":"open","ping_status":"closed","sticky":false,"template":"","format":"standard","meta":{"footnotes":""},"categories":[605],"tags":[],"class_list":["post-645","post","type-post","status-publish","format-standard","hentry","category-tavinho-moura"],"_links":{"self":[{"href":"https:\/\/www.toque-musicall.com\/index.php?rest_route=\/wp\/v2\/posts\/645","targetHints":{"allow":["GET"]}}],"collection":[{"href":"https:\/\/www.toque-musicall.com\/index.php?rest_route=\/wp\/v2\/posts"}],"about":[{"href":"https:\/\/www.toque-musicall.com\/index.php?rest_route=\/wp\/v2\/types\/post"}],"author":[{"embeddable":true,"href":"https:\/\/www.toque-musicall.com\/index.php?rest_route=\/wp\/v2\/users\/1"}],"replies":[{"embeddable":true,"href":"https:\/\/www.toque-musicall.com\/index.php?rest_route=%2Fwp%2Fv2%2Fcomments&post=645"}],"version-history":[{"count":0,"href":"https:\/\/www.toque-musicall.com\/index.php?rest_route=\/wp\/v2\/posts\/645\/revisions"}],"wp:attachment":[{"href":"https:\/\/www.toque-musicall.com\/index.php?rest_route=%2Fwp%2Fv2%2Fmedia&parent=645"}],"wp:term":[{"taxonomy":"category","embeddable":true,"href":"https:\/\/www.toque-musicall.com\/index.php?rest_route=%2Fwp%2Fv2%2Fcategories&post=645"},{"taxonomy":"post_tag","embeddable":true,"href":"https:\/\/www.toque-musicall.com\/index.php?rest_route=%2Fwp%2Fv2%2Ftags&post=645"}],"curies":[{"name":"wp","href":"https:\/\/api.w.org\/{rel}","templated":true}]}}