{"id":6453,"date":"2018-07-09T11:24:35","date_gmt":"2018-07-09T14:24:35","guid":{"rendered":"http:\/\/www.toque-musicall.com\/?p=6453"},"modified":"2018-07-15T11:27:22","modified_gmt":"2018-07-15T14:27:22","slug":"grupo-ola-1980","status":"publish","type":"post","link":"https:\/\/www.toque-musicall.com\/?p=6453","title":{"rendered":"Grupo Ol\u00e1 (1980)"},"content":{"rendered":"<p><img loading=\"lazy\" decoding=\"async\" class=\"aligncenter size-large\" src=\"https:\/\/3.bp.blogspot.com\/-atQOeAn--JI\/W0tDSpsrVbI\/AAAAAAAAPDY\/MhC4t6eZ04EUrEsaXxBk4qa97GUAZaJOgCLcBGAs\/s640\/capap.JPG\" width=\"622\" height=\"640\" \/><img loading=\"lazy\" decoding=\"async\" class=\"aligncenter size-large\" src=\"https:\/\/1.bp.blogspot.com\/-RKDOEItne-c\/W0tDR0349gI\/AAAAAAAAPDU\/avVDWwamfH4lMVX18A2HNmsBXBeaEC60gCLcBGAs\/s640\/contrap.JPG\" width=\"640\" height=\"636\" \/><\/p>\n<p>Ol\u00e1! Ser\u00e1 que os amigos cultos e ocultos se lembram deste disco? Principalmente aqueles que ainda eram crian\u00e7as entre o final da d\u00e9cada de 70 e in\u00edcio dos 80. Temos aqui o &#8216;Ol\u00e1&#8217;, mais que um simples disco infanto-juvenil, um projeto realmente interessante criando pela pedagoga Denise Mendon\u00e7a. Uma ideia que nasceu nos anos 70 quando Denise se encontra com Maria Mazzetti, tamb\u00e9m professora, escritora e poeta, que dedicou seu trabalho \u00e0 educa\u00e7\u00e3o infantil. Mazzetti foi uma incentivadora de Denise, oferecendo a ela seus poemas para serem musicados. Dessa parceria nasceu no in\u00edcio de 80 o bem idealizado lp independente &#8216;Ol\u00e1&#8217;, um disco muito bem produzido, gravado em Belo Horizonte, na Bemol, com direito a libreto com todas as m\u00fasicas, recheado de desenhos e ainda um compacto duplo, pois ao que parece, n\u00e3o coube tudo num disco s\u00f3. Este disco foi lan\u00e7ado em 1980, mesmo ano em que come\u00e7aram as atividade do\u00a0<a href=\"http:\/\/institutotear.org.br\/\" target=\"_blank\" rel=\"noopener\">Instituto de Arte Tear<\/a>, criando tamb\u00e9m por Denise Mendon\u00e7a, no Rio de Janeiro. A prop\u00f3sito, este trabalho foi relan\u00e7ado em cd, mas me parece que em uma nova grava\u00e7\u00e3o. Denise, continua a frente do Tear, tentando manter acessa a chama da educa\u00e7\u00e3o e cultura, hoje em dia t\u00e3o golpeada em nosso pa\u00eds. Ouve s\u00f3&#8230; \ud83d\ude42<\/p>\n<div style=\"text-align: center;\">dia diferente<\/div>\n<div style=\"text-align: center;\">elefante elegante<\/div>\n<div style=\"text-align: center;\">nhoque<\/div>\n<div style=\"text-align: center;\">t\u00f4 toque-toque<\/div>\n<div style=\"text-align: center;\">rua do muito barulho<\/div>\n<div style=\"text-align: center;\">desencaracolando<\/div>\n<div style=\"text-align: center;\">correndo, correndo, correndo<\/div>\n<div style=\"text-align: center;\">parou paradinho<\/div>\n<div style=\"text-align: center;\">gato xadrex<\/div>\n<div style=\"text-align: center;\">quem mora<\/div>\n<div style=\"text-align: center;\">meu boizinho<\/div>\n<div style=\"text-align: center;\">calhambeque<\/div>\n<div style=\"text-align: center;\">viagem maluca<\/div>\n<div style=\"text-align: center;\">cad\u00ea meus \u00f3culoses<\/div>\n<div style=\"text-align: center;\">esconde, esconde<\/div>\n<div style=\"text-align: center;\">um barquinho<\/div>\n<div style=\"text-align: center;\">o que eu descubro<\/div>\n<div style=\"text-align: center;\"><\/div>\n<div style=\"text-align: center;\">compacto:<\/div>\n<div style=\"text-align: center;\">ouve s\u00f3<\/div>\n<div style=\"text-align: center;\">plantando flor<\/div>\n<div style=\"text-align: center;\">cantiga de embalar papai<\/div>\n<div style=\"text-align: center;\">tesouro do pirata<\/div>\n<div style=\"text-align: center;\"><\/div>\n<div style=\"text-align: center;\">.<\/div>\n","protected":false},"excerpt":{"rendered":"<p>Ol\u00e1! Ser\u00e1 que os amigos cultos e ocultos se lembram deste disco? Principalmente aqueles que ainda eram crian\u00e7as entre o final da d\u00e9cada de 70 e in\u00edcio dos 80. Temos aqui o &#8216;Ol\u00e1&#8217;, mais que um simples disco infanto-juvenil, um &hellip; <a href=\"https:\/\/www.toque-musicall.com\/?p=6453\">Continue lendo <span class=\"meta-nav\">&rarr;<\/span><\/a><\/p>\n","protected":false},"author":1,"featured_media":0,"comment_status":"open","ping_status":"closed","sticky":false,"template":"","format":"standard","meta":{"footnotes":""},"categories":[2975,982,25],"tags":[],"class_list":["post-6453","post","type-post","status-publish","format-standard","hentry","category-denise-mendonca","category-infantil","category-selo-independente"],"_links":{"self":[{"href":"https:\/\/www.toque-musicall.com\/index.php?rest_route=\/wp\/v2\/posts\/6453","targetHints":{"allow":["GET"]}}],"collection":[{"href":"https:\/\/www.toque-musicall.com\/index.php?rest_route=\/wp\/v2\/posts"}],"about":[{"href":"https:\/\/www.toque-musicall.com\/index.php?rest_route=\/wp\/v2\/types\/post"}],"author":[{"embeddable":true,"href":"https:\/\/www.toque-musicall.com\/index.php?rest_route=\/wp\/v2\/users\/1"}],"replies":[{"embeddable":true,"href":"https:\/\/www.toque-musicall.com\/index.php?rest_route=%2Fwp%2Fv2%2Fcomments&post=6453"}],"version-history":[{"count":1,"href":"https:\/\/www.toque-musicall.com\/index.php?rest_route=\/wp\/v2\/posts\/6453\/revisions"}],"predecessor-version":[{"id":6454,"href":"https:\/\/www.toque-musicall.com\/index.php?rest_route=\/wp\/v2\/posts\/6453\/revisions\/6454"}],"wp:attachment":[{"href":"https:\/\/www.toque-musicall.com\/index.php?rest_route=%2Fwp%2Fv2%2Fmedia&parent=6453"}],"wp:term":[{"taxonomy":"category","embeddable":true,"href":"https:\/\/www.toque-musicall.com\/index.php?rest_route=%2Fwp%2Fv2%2Fcategories&post=6453"},{"taxonomy":"post_tag","embeddable":true,"href":"https:\/\/www.toque-musicall.com\/index.php?rest_route=%2Fwp%2Fv2%2Ftags&post=6453"}],"curies":[{"name":"wp","href":"https:\/\/api.w.org\/{rel}","templated":true}]}}