{"id":646,"date":"2010-11-08T09:32:00","date_gmt":"2010-11-08T09:32:00","guid":{"rendered":"http:\/\/www.toque-musicall.com\/?p=646"},"modified":"2010-11-08T09:32:00","modified_gmt":"2010-11-08T09:32:00","slug":"iv-festival-de-musica-popular-brasileira-vol-1-1968","status":"publish","type":"post","link":"https:\/\/www.toque-musicall.com\/?p=646","title":{"rendered":"IV Festival De M\u00fasica Popular Brasileira Vol. 1 (1968)"},"content":{"rendered":"<p><a href=\"http:\/\/4.bp.blogspot.com\/_DSKVEvHtskc\/TNfFdSl56bI\/AAAAAAAAHSo\/23xuCApTMik\/s1600\/Festival+P.JPG\"><img decoding=\"async\" style=\"TEXT-ALIGN: center; MARGIN: 0px auto 10px; WIDTH: 400px; DISPLAY: block; HEIGHT: 394px; CURSOR: hand\" id=\"BLOGGER_PHOTO_ID_5537111373873015218\" border=\"0\" alt=\"\" src=\"http:\/\/4.bp.blogspot.com\/_DSKVEvHtskc\/TNfFdSl56bI\/AAAAAAAAHSo\/23xuCApTMik\/s400\/Festival+P.JPG\" \/><\/a> Bom dia, amigos cultos e ocultos! Come\u00e7amos a semana bem, relembrando a &#8216;Era dos Festivais&#8217;. H\u00e1 algum tempo atr\u00e1s eu pensei em juntar todos os discos relativos aos Festivais, da d\u00e9cada de 60 a 80 e post\u00e1-los no Toque Musical. Acontece que sempre falta um ou outro e al\u00e9m do mais se eu fosse entrar nessa, ficaria um m\u00eas inteiro s\u00f3 falando sobre o assunto. Por outro lado, j\u00e1 existe um blog especializado no assunto. Da\u00ed, prefiro ir de vez em quando postando os meus sem necessariamente ter que seguir uma ordem.<br \/>Tenho aqui o volume 1 do IV Festival de M\u00fasica Popular Brasileira, realizado pela TV Record de S\u00e3o Paulo em 1968. Como disse bem Zuza Homem de Mello em seu livro &#8220;A Era dos Festivais&#8221;, o ano de 1968 foi marcado por uma fase de transi\u00e7\u00e3o, &#8220;a Era dos Festivais entrava em sua curva descendente&#8221;. Os militares no poder, a Tropic\u00e1lia, o AI-5, Gil e Caetano presos, a persegui\u00e7\u00e3o pol\u00edtica, os exilados&#8230; Era um momento pol\u00edtico conturbado onde este 4\u00ba festival aconteceu. Terminaria a\u00ed a sua fase contestadora. Os Festivais que viriam depois j\u00e1 n\u00e3o teriam esse perfil.<br \/>No presente \u00e1lbum temos relacionadas doze m\u00fasicas classificadas&#8230;<\/p>\n<div align=\"center\">benvinda &#8211; mpb-4<\/div>\n<div align=\"center\">boletim &#8211; trio maray\u00e1<\/div>\n<div align=\"center\">s\u00e3o paulo, meu amor &#8211; mar\u00edlia medalha<\/div>\n<div align=\"center\">a fam\u00edlia &#8211; jair rodrigues<\/div>\n<div align=\"center\">casa de bamba &#8211; jos\u00e9 ventura<\/div>\n<div align=\"center\">sem mais luanda &#8211; joyce<\/div>\n<div align=\"center\">dom quixote &#8211; os mutantes<\/div>\n<div align=\"center\">atento, alerta &#8211; mar\u00edlia medalha e egberto gismonti<\/div>\n<div align=\"center\">sentinela &#8211; mpb-4<\/div>\n<div align=\"center\">cantiga &#8211; o quarteto<\/div>\n<div align=\"center\">o viandante &#8211; lucelena<\/div>\n<div align=\"center\">todas as ruas do mundo &#8211; rosely<\/div>\n<p><\/p>\n<div align=\"center\"><\/div>\n<p><\/p>\n<div align=\"center\"><\/div>\n","protected":false},"excerpt":{"rendered":"<p>Bom dia, amigos cultos e ocultos! Come\u00e7amos a semana bem, relembrando a &#8216;Era dos Festivais&#8217;. H\u00e1 algum tempo atr\u00e1s eu pensei em juntar todos os discos relativos aos Festivais, da d\u00e9cada de 60 a 80 e post\u00e1-los no Toque Musical. &hellip; <a href=\"https:\/\/www.toque-musicall.com\/?p=646\">Continue lendo <span class=\"meta-nav\">&rarr;<\/span><\/a><\/p>\n","protected":false},"author":1,"featured_media":0,"comment_status":"open","ping_status":"closed","sticky":false,"template":"","format":"standard","meta":{"footnotes":""},"categories":[498,278,948,43,950,857,51,801,947,949],"tags":[],"class_list":["post-646","post","type-post","status-publish","format-standard","hentry","category-egberto-gismonti","category-festivais","category-iv-festival-da-musica-popular-brasileira","category-jair-rodrigues","category-joyce","category-marilia-medalha","category-mpb-4","category-mutantes","category-o-quarteto","category-trio-maraya"],"_links":{"self":[{"href":"https:\/\/www.toque-musicall.com\/index.php?rest_route=\/wp\/v2\/posts\/646","targetHints":{"allow":["GET"]}}],"collection":[{"href":"https:\/\/www.toque-musicall.com\/index.php?rest_route=\/wp\/v2\/posts"}],"about":[{"href":"https:\/\/www.toque-musicall.com\/index.php?rest_route=\/wp\/v2\/types\/post"}],"author":[{"embeddable":true,"href":"https:\/\/www.toque-musicall.com\/index.php?rest_route=\/wp\/v2\/users\/1"}],"replies":[{"embeddable":true,"href":"https:\/\/www.toque-musicall.com\/index.php?rest_route=%2Fwp%2Fv2%2Fcomments&post=646"}],"version-history":[{"count":0,"href":"https:\/\/www.toque-musicall.com\/index.php?rest_route=\/wp\/v2\/posts\/646\/revisions"}],"wp:attachment":[{"href":"https:\/\/www.toque-musicall.com\/index.php?rest_route=%2Fwp%2Fv2%2Fmedia&parent=646"}],"wp:term":[{"taxonomy":"category","embeddable":true,"href":"https:\/\/www.toque-musicall.com\/index.php?rest_route=%2Fwp%2Fv2%2Fcategories&post=646"},{"taxonomy":"post_tag","embeddable":true,"href":"https:\/\/www.toque-musicall.com\/index.php?rest_route=%2Fwp%2Fv2%2Ftags&post=646"}],"curies":[{"name":"wp","href":"https:\/\/api.w.org\/{rel}","templated":true}]}}