{"id":647,"date":"2010-11-07T13:33:00","date_gmt":"2010-11-07T13:33:00","guid":{"rendered":"http:\/\/www.toque-musicall.com\/?p=647"},"modified":"2010-11-07T13:33:00","modified_gmt":"2010-11-07T13:33:00","slug":"alexandre-trik-e-helena-maia-waldemar-henrique-o-canto-da-amazonia-1982","status":"publish","type":"post","link":"https:\/\/www.toque-musicall.com\/?p=647","title":{"rendered":"Alexandre Trik e Helena Maia &#8211; Waldemar Henrique, O Canto da Amaz\u00f4nia (1982)"},"content":{"rendered":"<p><a href=\"http:\/\/2.bp.blogspot.com\/_DSKVEvHtskc\/TNb7Hog7_wI\/AAAAAAAAHSc\/Hzd8WAygLtE\/s1600\/capa+P.JPG\"><img decoding=\"async\" style=\"TEXT-ALIGN: center; MARGIN: 0px auto 10px; WIDTH: 400px; DISPLAY: block; HEIGHT: 397px; CURSOR: hand\" id=\"BLOGGER_PHOTO_ID_5536888900451827458\" border=\"0\" alt=\"\" src=\"http:\/\/2.bp.blogspot.com\/_DSKVEvHtskc\/TNb7Hog7_wI\/AAAAAAAAHSc\/Hzd8WAygLtE\/s400\/capa+P.JPG\" \/><\/a>Caramba! A propaganda \u00e9 mesmo a alma do neg\u00f3cio. Ontem eu fui l\u00e1 na Feira, um pouco desanimado com a chuva que caiu durante todo o dia. Quase desisti, mas acabei indo. Pensei que n\u00e3o ter\u00edamos p\u00fablico. Na verdade o que faltou foi expositor. Os poucos que l\u00e1 tiveram, fizeram a festa, n\u00e3o havia concorr\u00eancia. No meu caso, nem com concorr\u00eancia, pois boa parte do que levei j\u00e1 estava praticamente vendido, gra\u00e7as ao an\u00fancio antecipado.<br \/>Como ontem n\u00f3s tivemos um disco da Ely Camargo, achei que hoje seria um bom dia para postarmos este \u00e1lbum, lan\u00e7ado atrav\u00e9s do Projeto Promemus (Projeto Mem\u00f3ria Musical Brasileira) da Funart. Trata-se de um trabalho que procura divulgar um pouco da obra do compositor paraense Waldemar Henrique. Quem aqui conhece este compositor? Talvez poucos, mais f\u00e1cil se lembrarem de suas composi\u00e7\u00f5es. Waldemar Henrique foi um artista que se dedicou ao estudo do folclore amaz\u00f4nico, particularmente o paraense. Como Ely Camargo, recolheu temas de diferentes regi\u00f5es amaz\u00f4nicas e motivos folcl\u00f3ricos que foram por ele adaptados e (ou musicados). Foi um dos primeiros e mais importante divulgador da cultura musical de sua regi\u00e3o. Pode-se dizer que a m\u00fasica paraense, em sua maior pureza, est\u00e1 fundamentada nos trabalhos de Waldemar Henrique.<br \/>Para mostrar um pouco da obra do artista, temos a dupla Alexandre Trik e Maria Helena Maia. Alexandre \u00e9 carioca, professor de canto l\u00edrico e tamb\u00e9m artista pl\u00e1stico. Seu nome est\u00e1 associado \u00e0 m\u00fasica de c\u00e2mara brasileira. Da mesma forma \u00e9 Maria Helena Maia, pianista renomada, principalmente fora do Brasil. Lecionou nas Universidades Federais do Rio e do Par\u00e1. Foi tamb\u00e9m diretora musical do Instituto Cultural Brasil-R\u00fassia e do Centro Cultural Franscico Mignone.<br \/>Um outro bom motivo para esta postagem \u00e9 mostrar aos meus amigos paraenses que nunca me esque\u00e7o deles. O que me falta s\u00e3o os discos.<\/p>\n<div align=\"center\">Lendas Amaz\u00f4nicas:<\/div>\n<div align=\"center\">tamba-taj\u00e1<\/div>\n<div align=\"center\">curupira<\/div>\n<div align=\"center\">foi o boto, sinh\u00e1<\/div>\n<div align=\"center\">uirapuru<\/div>\n<div align=\"center\">matintaper\u00eara<\/div>\n<div align=\"center\">manha-nungara<\/div>\n<div align=\"center\">cobra grande<\/div>\n<div align=\"center\">Pontos Rituais:<\/div>\n<div align=\"center\">sem seu<\/div>\n<div align=\"center\">no jardim de oiera<\/div>\n<div align=\"center\">aba-logum<\/div>\n<div align=\"center\">abalua\u00ea<\/div>\n<div align=\"center\">Dan\u00e7as Brasileiras:<\/div>\n<div align=\"center\">rolinha<\/div>\n<div align=\"center\">boi bumb\u00e1<\/div>\n<div align=\"center\">hei de seguir teus passos<\/div>\n<div align=\"center\">c\u00f4co peneru\u00ea<\/div>\n<div align=\"center\">Pe\u00e7as Avulsas:<\/div>\n<div align=\"center\">adeus<\/div>\n<div align=\"center\">hei de morrer cantando<\/div>\n<div align=\"center\">senhora dona sancha<\/div>\n<div align=\"center\">trem de alagoas<\/div>\n<div align=\"center\"> <\/div>\n<div align=\"center\"> <\/div>\n","protected":false},"excerpt":{"rendered":"<p>Caramba! A propaganda \u00e9 mesmo a alma do neg\u00f3cio. Ontem eu fui l\u00e1 na Feira, um pouco desanimado com a chuva que caiu durante todo o dia. Quase desisti, mas acabei indo. Pensei que n\u00e3o ter\u00edamos p\u00fablico. Na verdade o &hellip; <a href=\"https:\/\/www.toque-musicall.com\/?p=647\">Continue lendo <span class=\"meta-nav\">&rarr;<\/span><\/a><\/p>\n","protected":false},"author":1,"featured_media":0,"comment_status":"open","ping_status":"closed","sticky":false,"template":"","format":"standard","meta":{"footnotes":""},"categories":[951,952,953],"tags":[],"class_list":["post-647","post","type-post","status-publish","format-standard","hentry","category-alexandre-trik","category-helena-maia","category-waldemar-henrique"],"_links":{"self":[{"href":"https:\/\/www.toque-musicall.com\/index.php?rest_route=\/wp\/v2\/posts\/647","targetHints":{"allow":["GET"]}}],"collection":[{"href":"https:\/\/www.toque-musicall.com\/index.php?rest_route=\/wp\/v2\/posts"}],"about":[{"href":"https:\/\/www.toque-musicall.com\/index.php?rest_route=\/wp\/v2\/types\/post"}],"author":[{"embeddable":true,"href":"https:\/\/www.toque-musicall.com\/index.php?rest_route=\/wp\/v2\/users\/1"}],"replies":[{"embeddable":true,"href":"https:\/\/www.toque-musicall.com\/index.php?rest_route=%2Fwp%2Fv2%2Fcomments&post=647"}],"version-history":[{"count":0,"href":"https:\/\/www.toque-musicall.com\/index.php?rest_route=\/wp\/v2\/posts\/647\/revisions"}],"wp:attachment":[{"href":"https:\/\/www.toque-musicall.com\/index.php?rest_route=%2Fwp%2Fv2%2Fmedia&parent=647"}],"wp:term":[{"taxonomy":"category","embeddable":true,"href":"https:\/\/www.toque-musicall.com\/index.php?rest_route=%2Fwp%2Fv2%2Fcategories&post=647"},{"taxonomy":"post_tag","embeddable":true,"href":"https:\/\/www.toque-musicall.com\/index.php?rest_route=%2Fwp%2Fv2%2Ftags&post=647"}],"curies":[{"name":"wp","href":"https:\/\/api.w.org\/{rel}","templated":true}]}}