{"id":6476,"date":"2018-07-20T11:27:58","date_gmt":"2018-07-20T14:27:58","guid":{"rendered":"http:\/\/www.toque-musicall.com\/?p=6476"},"modified":"2018-07-21T14:49:03","modified_gmt":"2018-07-21T17:49:03","slug":"nazareno-1978","status":"publish","type":"post","link":"https:\/\/www.toque-musicall.com\/?p=6476","title":{"rendered":"Nazareno (1978)"},"content":{"rendered":"<p><img loading=\"lazy\" decoding=\"async\" class=\"aligncenter size-large\" src=\"https:\/\/4.bp.blogspot.com\/-7KBzMYvPGac\/W1M9teGkP8I\/AAAAAAAAPHc\/bFcadvaSWxYxReu8Zg9XwKoZGQlu0qF_ACLcBGAs\/s640\/capap.JPG\" width=\"639\" height=\"640\" \/><img loading=\"lazy\" decoding=\"async\" class=\"aligncenter size-large\" src=\"https:\/\/4.bp.blogspot.com\/-AY5HVmihwOw\/W1M9tVKZsQI\/AAAAAAAAPHY\/LkYYS-n3LFQqaFc5ia9zvC5TNTm84xj2ACLcBGAs\/s640\/contrap.JPG\" width=\"640\" height=\"633\" \/><\/p>\n<p>Bom dia, amigos cultos e ocultos! Como todos devem saber, julho \u00e9 o m\u00eas de anivers\u00e1rio do nosso blog Toque Musical. Estamos completando 11 anos de atividades! N\u00e3o \u00e9 pouca coisa n\u00e3o! Mas ao contr\u00e1rio dos anos anteriores, neste n\u00e3o teremos festejos e nem bolo, somente presentes. Presentes di\u00e1rios. Neste m\u00eas o que teremos de especial ser\u00e1 apenas postagens di\u00e1rias, como faz\u00edamos anteriormente. Com a sempre colabora\u00e7\u00e3o do amigo Samuca, acho que vamos conseguir preencher todo o m\u00eas.<br \/>\nHoje eu tenho este lp do Nazareno, o primeiro disco solo deste cantor e compositor que teve sua carreira iniciada nos anos 50. Participou de diversos grupos, entre esses o Quarteto Teorema. De l\u00e1, junto com outro membro do grupo, o Pena Branca, gravou em 75 um lp, seguindo a linha das duplas tipo Tom &amp; Dito e Antonio Carlos &amp; Jocafi. Em 78 ele volta, agora em carreira solo, com este lp muito bem produzido, trazendo em seu repert\u00f3rio um conjunto de m\u00fasicas muito boas, entre composi\u00e7\u00f5es autorais e de outros. Um bom disco que merece ser ouvido. Confiram no GTM.<\/p>\n<div style=\"text-align: center;\">socorro, jo\u00e3o<\/div>\n<div style=\"text-align: center;\">viva meu samba<\/div>\n<div style=\"text-align: center;\">amor que te quero amar<\/div>\n<div style=\"text-align: center;\">pra que brigar<\/div>\n<div style=\"text-align: center;\">amigo \u00e9 pra essas coisas<\/div>\n<div style=\"text-align: center;\">p\u00e9 de coelho<\/div>\n<div style=\"text-align: center;\">velho amigo<\/div>\n<div style=\"text-align: center;\">o nosso amor<\/div>\n<div style=\"text-align: center;\">corpo surrado<\/div>\n<div style=\"text-align: center;\">bolero<\/div>\n<div style=\"text-align: center;\">imp\u00e9rio do samba<\/div>\n<div style=\"text-align: center;\">cantiga de roda<\/div>\n<p>.<\/p>\n","protected":false},"excerpt":{"rendered":"<p>Bom dia, amigos cultos e ocultos! Como todos devem saber, julho \u00e9 o m\u00eas de anivers\u00e1rio do nosso blog Toque Musical. Estamos completando 11 anos de atividades! N\u00e3o \u00e9 pouca coisa n\u00e3o! Mas ao contr\u00e1rio dos anos anteriores, neste n\u00e3o &hellip; <a href=\"https:\/\/www.toque-musicall.com\/?p=6476\">Continue lendo <span class=\"meta-nav\">&rarr;<\/span><\/a><\/p>\n","protected":false},"author":1,"featured_media":0,"comment_status":"open","ping_status":"closed","sticky":false,"template":"","format":"standard","meta":{"footnotes":""},"categories":[2984,217],"tags":[],"class_list":["post-6476","post","type-post","status-publish","format-standard","hentry","category-nazareno","category-selo-chantecler"],"_links":{"self":[{"href":"https:\/\/www.toque-musicall.com\/index.php?rest_route=\/wp\/v2\/posts\/6476","targetHints":{"allow":["GET"]}}],"collection":[{"href":"https:\/\/www.toque-musicall.com\/index.php?rest_route=\/wp\/v2\/posts"}],"about":[{"href":"https:\/\/www.toque-musicall.com\/index.php?rest_route=\/wp\/v2\/types\/post"}],"author":[{"embeddable":true,"href":"https:\/\/www.toque-musicall.com\/index.php?rest_route=\/wp\/v2\/users\/1"}],"replies":[{"embeddable":true,"href":"https:\/\/www.toque-musicall.com\/index.php?rest_route=%2Fwp%2Fv2%2Fcomments&post=6476"}],"version-history":[{"count":2,"href":"https:\/\/www.toque-musicall.com\/index.php?rest_route=\/wp\/v2\/posts\/6476\/revisions"}],"predecessor-version":[{"id":6478,"href":"https:\/\/www.toque-musicall.com\/index.php?rest_route=\/wp\/v2\/posts\/6476\/revisions\/6478"}],"wp:attachment":[{"href":"https:\/\/www.toque-musicall.com\/index.php?rest_route=%2Fwp%2Fv2%2Fmedia&parent=6476"}],"wp:term":[{"taxonomy":"category","embeddable":true,"href":"https:\/\/www.toque-musicall.com\/index.php?rest_route=%2Fwp%2Fv2%2Fcategories&post=6476"},{"taxonomy":"post_tag","embeddable":true,"href":"https:\/\/www.toque-musicall.com\/index.php?rest_route=%2Fwp%2Fv2%2Ftags&post=6476"}],"curies":[{"name":"wp","href":"https:\/\/api.w.org\/{rel}","templated":true}]}}