{"id":6479,"date":"2018-07-21T20:25:04","date_gmt":"2018-07-21T23:25:04","guid":{"rendered":"http:\/\/www.toque-musicall.com\/?p=6479"},"modified":"2018-07-21T20:25:40","modified_gmt":"2018-07-21T23:25:40","slug":"encontros-1975","status":"publish","type":"post","link":"https:\/\/www.toque-musicall.com\/?p=6479","title":{"rendered":"Encontros (1975)"},"content":{"rendered":"<p><img loading=\"lazy\" decoding=\"async\" class=\"aligncenter size-large\" src=\"https:\/\/3.bp.blogspot.com\/-V9LOxjsmsSE\/W1O40X4f0yI\/AAAAAAAAPIA\/NUken_1egdknO_E-z3TzVYiyBGwG2RSAwCLcBGAs\/s640\/capap.JPG\" width=\"640\" height=\"634\" \/><\/p>\n<p>Boa noite, amigos cultos e ocultos! Celebrando os 11 anos do Toque Musical, hoje o presente \u00e9 esse box lan\u00e7ado pela Philips em 1975 reunindo em tr\u00eas discos 33 registros de m\u00fasicas onde seus artistas cantam em parceria. E como podemos ver pela capa, trata-se da fina flor da nossa ent\u00e3o moderna m\u00fasica popular brasileira. Um box realmente imperd\u00edvel.<\/p>\n<div style=\"text-align: center;\">que pena &#8211; caetano veloso e gal costa<\/div>\n<div style=\"text-align: center;\">das rosas &#8211; dorival caymmi e quarteto em cy<\/div>\n<div style=\"text-align: center;\">quem mandou &#8211; gilberto gil e jorge ben<\/div>\n<div style=\"text-align: center;\">these are the songs &#8211; elis regina e tim maia<\/div>\n<div style=\"text-align: center;\">esse teu olhar &#8211; sylvia telles e l\u00facio alves<\/div>\n<div style=\"text-align: center;\">samba pra vinicius\u00a0 &#8211; chico buarque e toquinho<\/div>\n<div style=\"text-align: center;\">aguas de mar\u00e7o &#8211; elis regina e tom jobim<\/div>\n<div style=\"text-align: center;\">samba em prel\u00facio &#8211; odette lara e vinicius de moraes<\/div>\n<div style=\"text-align: center;\">amiga &#8211; claudette soares e ivan lins<\/div>\n<div style=\"text-align: center;\">joana francesa &#8211; fagner e chico buarque<\/div>\n<div style=\"text-align: center;\">formosa &#8211; nara le\u00e3o e maria bethania<\/div>\n<div style=\"text-align: center;\">ponteio &#8211; marilia medalha e edu lobo<\/div>\n<div style=\"text-align: center;\">voc\u00ea n\u00e3o entende nada &#8211; chico buarque e caetano veloso<\/div>\n<div style=\"text-align: center;\">de onde vens &#8211; nara le\u00e3o e edu lobo<\/div>\n<div style=\"text-align: center;\">mano caetano &#8211; jorge ben e maria bethania<\/div>\n<div style=\"text-align: center;\">ladeira da pregui\u00e7a &#8211; elis regina e gilberto gil<\/div>\n<div style=\"text-align: center;\">voc\u00ea &#8211; dick farney e norma benguell<\/div>\n<div style=\"text-align: center;\">ora\u00e7\u00e3o da m\u00e3e menininha &#8211; gal costa e maria bethania<\/div>\n<div style=\"text-align: center;\">samba da volta &#8211; toquinho, vinicius e mpb-4<\/div>\n<div style=\"text-align: center;\">charles anjo 45 &#8211; caetano veloso e jorge ben<\/div>\n<div style=\"text-align: center;\">saudades da bahia &#8211; tom jobim e dorival caymmi<\/div>\n<div style=\"text-align: center;\">clara &#8211; claudette sores e gilberto gil<\/div>\n<div style=\"text-align: center;\">pot pourri &#8211; elis regina e jair rodrigues<\/div>\n<div style=\"text-align: center;\">pra dizer adeus &#8211; maria bethania e edu lobo<\/div>\n<div style=\"text-align: center;\">pa\u00eds tropical &#8211; gal costa, caetano veloso e gilberto gil<\/div>\n<div style=\"text-align: center;\">carta ao tom 74 &#8211; toquinho, vinicius e quarteto em cy<\/div>\n<div style=\"text-align: center;\">penas do ti\u00ea &#8211; nara le\u00e3o e fagner<\/div>\n<div style=\"text-align: center;\">noite dos mascarados &#8211; chico buarque e elis regina<\/div>\n<div style=\"text-align: center;\">can\u00e7\u00e3o a medo &#8211; mpb-4 e quarteto em cy<\/div>\n<div style=\"text-align: center;\">a estrada e o violeiro &#8211; nara le\u00e3o e sidney miller<\/div>\n<div style=\"text-align: center;\">sete meninas &#8211; dominguinhos e quinteto violado<\/div>\n<div style=\"text-align: center;\">cada macaco no seu galho &#8211; gilberto gil e caetano veloso<\/div>\n<div style=\"text-align: center;\">cantores do r\u00e1dio &#8211; chico buarque, nara le\u00e3o e maria bethania<\/div>\n<p style=\"text-align: center;\">.<\/p>\n","protected":false},"excerpt":{"rendered":"<p>Boa noite, amigos cultos e ocultos! Celebrando os 11 anos do Toque Musical, hoje o presente \u00e9 esse box lan\u00e7ado pela Philips em 1975 reunindo em tr\u00eas discos 33 registros de m\u00fasicas onde seus artistas cantam em parceria. E como &hellip; <a href=\"https:\/\/www.toque-musicall.com\/?p=6479\">Continue lendo <span class=\"meta-nav\">&rarr;<\/span><\/a><\/p>\n","protected":false},"author":1,"featured_media":0,"comment_status":"open","ping_status":"closed","sticky":false,"template":"","format":"standard","meta":{"footnotes":""},"categories":[135,136,408,49,392,1791,227,293,52,132,291,45,768,43,569,857,51,288,1203,50,1388,48,1083,88,1120,1119],"tags":[],"class_list":["post-6479","post","type-post","status-publish","format-standard","hentry","category-antonio-carlos-jobim","category-caetano-veloso","category-chico-buarque","category-claudette-soares","category-dick-farney","category-dominguinhos","category-dorival-caymmi","category-edu-lobo","category-elis-regina","category-fagner","category-gal-costa","category-gilberto-gil","category-ivan-lins","category-jair-rodrigues","category-maria-bethania","category-marilia-medalha","category-mpb-4","category-nara-leao","category-norma-bengell","category-quarteto-em-cy","category-quinteto-violado","category-selo-philips","category-sidney-miller","category-tim-maia","category-toquinho","category-vinicius-de-moraes"],"_links":{"self":[{"href":"https:\/\/www.toque-musicall.com\/index.php?rest_route=\/wp\/v2\/posts\/6479","targetHints":{"allow":["GET"]}}],"collection":[{"href":"https:\/\/www.toque-musicall.com\/index.php?rest_route=\/wp\/v2\/posts"}],"about":[{"href":"https:\/\/www.toque-musicall.com\/index.php?rest_route=\/wp\/v2\/types\/post"}],"author":[{"embeddable":true,"href":"https:\/\/www.toque-musicall.com\/index.php?rest_route=\/wp\/v2\/users\/1"}],"replies":[{"embeddable":true,"href":"https:\/\/www.toque-musicall.com\/index.php?rest_route=%2Fwp%2Fv2%2Fcomments&post=6479"}],"version-history":[{"count":2,"href":"https:\/\/www.toque-musicall.com\/index.php?rest_route=\/wp\/v2\/posts\/6479\/revisions"}],"predecessor-version":[{"id":6481,"href":"https:\/\/www.toque-musicall.com\/index.php?rest_route=\/wp\/v2\/posts\/6479\/revisions\/6481"}],"wp:attachment":[{"href":"https:\/\/www.toque-musicall.com\/index.php?rest_route=%2Fwp%2Fv2%2Fmedia&parent=6479"}],"wp:term":[{"taxonomy":"category","embeddable":true,"href":"https:\/\/www.toque-musicall.com\/index.php?rest_route=%2Fwp%2Fv2%2Fcategories&post=6479"},{"taxonomy":"post_tag","embeddable":true,"href":"https:\/\/www.toque-musicall.com\/index.php?rest_route=%2Fwp%2Fv2%2Ftags&post=6479"}],"curies":[{"name":"wp","href":"https:\/\/api.w.org\/{rel}","templated":true}]}}