{"id":648,"date":"2010-11-06T10:38:00","date_gmt":"2010-11-06T10:38:00","guid":{"rendered":"http:\/\/www.toque-musicall.com\/?p=648"},"modified":"2010-11-06T10:38:00","modified_gmt":"2010-11-06T10:38:00","slug":"ely-camargo-cancoes-da-minha-terra-vol-3-1964","status":"publish","type":"post","link":"https:\/\/www.toque-musicall.com\/?p=648","title":{"rendered":"Ely Camargo &#8211; Can\u00e7\u00f5es Da Minha Terra Vol. 3 (1964)"},"content":{"rendered":"<p><a href=\"http:\/\/3.bp.blogspot.com\/_DSKVEvHtskc\/TNU4DkEBP9I\/AAAAAAAAHSQ\/iHfzrIUIBuM\/s1600\/ely+camargo+P.JPG\"><img decoding=\"async\" style=\"TEXT-ALIGN: center; MARGIN: 0px auto 10px; WIDTH: 400px; DISPLAY: block; HEIGHT: 396px; CURSOR: hand\" id=\"BLOGGER_PHOTO_ID_5536392950793191378\" border=\"0\" alt=\"\" src=\"http:\/\/3.bp.blogspot.com\/_DSKVEvHtskc\/TNU4DkEBP9I\/AAAAAAAAHSQ\/iHfzrIUIBuM\/s400\/ely+camargo+P.JPG\" \/><\/a> Bom dia, amigos cultos e ocultos. Daqui a pouco eu estarei indo para a Feira do Vinil. O tempo est\u00e1 chuvoso, mas mesmo assim o vinil vai rolar solto. Juntei um monte de &#8216;preciosas raridades&#8217;, com disse o amigo visitante, e agora vou levar para as minhas trocas e vendas. Quem est\u00e1 em Bel\u00f4 e gosta de vinil e cds de artistas independentes, n\u00e3o deve perder. A feira abre \u00e0s 12 horas e vai at\u00e9 \u00e0s 20. Antes mesmo de chegar l\u00e1, j\u00e1 tem gente me enviando e-mails, pedindo para reservar discos. N\u00e3o vou garantir sem garantia$. Quem realmente estiver interessado, vai chegar na hora. \ud83d\ude09<br \/>Entre os quase 200 discos que pretendo levar para a Feira, h\u00e1 tamb\u00e9m este da Ely Camargo. Artista maravilhosa, que todos por aqui j\u00e1 devem conhecer atrav\u00e9s dos v\u00e1rios discos que andei postando. Quem ainda n\u00e3o teve a oportunidade de ouvir este volume 3, eu recomendo. \u00c9 t\u00e3o bom quanto todos os outros da s\u00e9rie. Este &#8220;Can\u00e7\u00f5es da minha terra&#8221;, como podemos ver pelos t\u00edtulos das faixas logo a baixo, n\u00e3o se limita \u00e0 m\u00fasica de seu estado, Goi\u00e1s. O &#8216;minha terra&#8217; aqui \u00e9 o Brasil. E como uma genu\u00edna artista brasileira, ela conhece como poucos a m\u00fasica regional e folcl\u00f3rica, do Iapoque ao Chu\u00ed. Confiram aqui essas p\u00e9rolas e gemas, j\u00e1 bem conhecida por todos n\u00f3s, mas ainda mais belas atrav\u00e9s da interpreta\u00e7\u00e3o de Ely Camargo.<\/p>\n<div align=\"center\">lampi\u00e3o de gas<\/div>\n<div align=\"center\">boi barroso<\/div>\n<div align=\"center\">flor de s\u00e3o jo\u00e3o<\/div>\n<div align=\"center\">upa upa (a can\u00e7\u00e3o do trolinho)<\/div>\n<div align=\"center\">tristezas do jeca<\/div>\n<div align=\"center\">noites ga\u00fachas<\/div>\n<div align=\"center\">viola cantadeira<\/div>\n<div align=\"center\">casinha pequenina<\/div>\n<div align=\"center\">pezinho<\/div>\n<div align=\"center\">maring\u00e1<\/div>\n<div align=\"center\">fiz a cama na varanda<\/div>\n<div align=\"center\">quem sabe<\/div>\n<div align=\"center\">santo rei<\/div>\n<div align=\"center\">chu\u00e1 chu\u00e1<\/div>\n<div align=\"center\">azul\u00e3o<\/div>\n<div align=\"center\">pingo d&#8217;agua<\/div>\n<div align=\"center\">o jangadeiro<\/div>\n<div align=\"center\">guacyra<\/div>\n<div align=\"center\">luares goianos<\/div>\n<div align=\"center\"> <\/div>\n<div align=\"center\"> <\/div>\n","protected":false},"excerpt":{"rendered":"<p>Bom dia, amigos cultos e ocultos. Daqui a pouco eu estarei indo para a Feira do Vinil. O tempo est\u00e1 chuvoso, mas mesmo assim o vinil vai rolar solto. Juntei um monte de &#8216;preciosas raridades&#8217;, com disse o amigo visitante, &hellip; <a href=\"https:\/\/www.toque-musicall.com\/?p=648\">Continue lendo <span class=\"meta-nav\">&rarr;<\/span><\/a><\/p>\n","protected":false},"author":1,"featured_media":0,"comment_status":"open","ping_status":"closed","sticky":false,"template":"","format":"standard","meta":{"footnotes":""},"categories":[787],"tags":[],"class_list":["post-648","post","type-post","status-publish","format-standard","hentry","category-ely-camargo"],"_links":{"self":[{"href":"https:\/\/www.toque-musicall.com\/index.php?rest_route=\/wp\/v2\/posts\/648","targetHints":{"allow":["GET"]}}],"collection":[{"href":"https:\/\/www.toque-musicall.com\/index.php?rest_route=\/wp\/v2\/posts"}],"about":[{"href":"https:\/\/www.toque-musicall.com\/index.php?rest_route=\/wp\/v2\/types\/post"}],"author":[{"embeddable":true,"href":"https:\/\/www.toque-musicall.com\/index.php?rest_route=\/wp\/v2\/users\/1"}],"replies":[{"embeddable":true,"href":"https:\/\/www.toque-musicall.com\/index.php?rest_route=%2Fwp%2Fv2%2Fcomments&post=648"}],"version-history":[{"count":0,"href":"https:\/\/www.toque-musicall.com\/index.php?rest_route=\/wp\/v2\/posts\/648\/revisions"}],"wp:attachment":[{"href":"https:\/\/www.toque-musicall.com\/index.php?rest_route=%2Fwp%2Fv2%2Fmedia&parent=648"}],"wp:term":[{"taxonomy":"category","embeddable":true,"href":"https:\/\/www.toque-musicall.com\/index.php?rest_route=%2Fwp%2Fv2%2Fcategories&post=648"},{"taxonomy":"post_tag","embeddable":true,"href":"https:\/\/www.toque-musicall.com\/index.php?rest_route=%2Fwp%2Fv2%2Ftags&post=648"}],"curies":[{"name":"wp","href":"https:\/\/api.w.org\/{rel}","templated":true}]}}