{"id":649,"date":"2010-11-05T10:30:00","date_gmt":"2010-11-05T10:30:00","guid":{"rendered":"http:\/\/www.toque-musicall.com\/?p=649"},"modified":"2010-11-05T10:30:00","modified_gmt":"2010-11-05T10:30:00","slug":"rodrigo-valle-inesquecivel-futuro-1983","status":"publish","type":"post","link":"https:\/\/www.toque-musicall.com\/?p=649","title":{"rendered":"Rodrigo Valle &#8211; Inesquec\u00edvel Futuro (1983)"},"content":{"rendered":"<p><a href=\"http:\/\/2.bp.blogspot.com\/_DSKVEvHtskc\/TNPd9tT-edI\/AAAAAAAAHSE\/rIZ4pXdVqcQ\/s1600\/rodrigo+P2.JPG\"><img decoding=\"async\" id=\"BLOGGER_PHOTO_ID_5536012419173611986\" style=\"DISPLAY: block; MARGIN: 0px auto 10px; WIDTH: 400px; CURSOR: hand; HEIGHT: 397px; TEXT-ALIGN: center\" alt=\"\" src=\"http:\/\/2.bp.blogspot.com\/_DSKVEvHtskc\/TNPd9tT-edI\/AAAAAAAAHSE\/rIZ4pXdVqcQ\/s400\/rodrigo+P2.JPG\" border=\"0\" \/><\/a> Para a nossa sexta feira independente, hoje vamos com mais um disco do mist\u00e9rioso Rodrigo Valle. Digo misterioso porque mesmo sendo mineiro e estando a algumas poucas montanhas daqui, eu quase nada sei dele. Assim como na rede, tamb\u00e9m, sem nenhuma informa\u00e7\u00e3o. Eis uma coisa que eu n\u00e3o consigo entender. Afinal o cara fez n\u00e3o foi apenas um &#8216;disquinho&#8217; e mesmo que fosse, est\u00e1 bem acima da m\u00e9dia, principalmente do que foi feito naquela d\u00e9cada. Por onde anda Rodrigo Valle? Foi essa a pergunta que fiz desde que postei <a href=\"http:\/\/toque-musicall.blogspot.com\/search\/label\/Rodrigo%20Valle\">o seu primeiro disco<\/a>, em setembro de 2007. At\u00e9 hoje ningu\u00e9m se manifestou oferecendo mais informa\u00e7\u00f5es. Seja como for, com o pouco que temos, j\u00e1 d\u00e1 para come\u00e7ar.<br \/>&#8220;Inesquec\u00edvel Futuro&#8221; \u00e9 um disco t\u00e3o bom ou melhor que o primeiro. Uma fus\u00e3o progressiva que o coloca na classe dos discos inclassific\u00e1veis. Seria rock, jazz, new age, mpb, mpm&#8230; tpm? N\u00e3o sei&#8230; O que sei \u00e9 que temos um trabalho de qualidade, com a participa\u00e7\u00e3o de alguns dos melhores m\u00fasicos mineiros como Nivaldo Ornellas, Nenem, Ivan Correa, Augusto Renn\u00f3, La\u00e9rcio Vilar, entre outros. O disco \u00e9 essencialmente instrumental. A m\u00fasica que eu fa\u00e7o quest\u00e3o de destacar \u00e9 &#8220;Frequ\u00eancia Modulada&#8221;, al\u00e9m de ser um jazz a la Clube da Esquina, manifesta o verdadeiro e tradicional sentimento futebol\u00edstico mineiro. \u00c9 Galoooo! <\/p>\n<div align=\"center\"> <\/div>\n<div align=\"center\"> <\/div>\n<div align=\"center\">rocky<\/div>\n<div align=\"center\">astral chart<\/div>\n<div align=\"center\">nosso amor<\/div>\n<div align=\"center\">fequ\u00eancia modulada<\/div>\n<div align=\"center\">yod<\/div>\n<div align=\"center\">dan\u00e7a dos gnomos<\/div>\n<div align=\"center\">inesquec\u00edvel futuro<\/div>\n<div align=\"center\">mantra<\/div>\n<div align=\"center\">afrodite<\/div>\n<div align=\"center\">guerreiro c\u00f3smico africano<\/div>\n","protected":false},"excerpt":{"rendered":"<p>Para a nossa sexta feira independente, hoje vamos com mais um disco do mist\u00e9rioso Rodrigo Valle. Digo misterioso porque mesmo sendo mineiro e estando a algumas poucas montanhas daqui, eu quase nada sei dele. Assim como na rede, tamb\u00e9m, sem &hellip; <a href=\"https:\/\/www.toque-musicall.com\/?p=649\">Continue lendo <span class=\"meta-nav\">&rarr;<\/span><\/a><\/p>\n","protected":false},"author":1,"featured_media":0,"comment_status":"open","ping_status":"closed","sticky":false,"template":"","format":"standard","meta":{"footnotes":""},"categories":[954],"tags":[],"class_list":["post-649","post","type-post","status-publish","format-standard","hentry","category-rodrigo-valle"],"_links":{"self":[{"href":"https:\/\/www.toque-musicall.com\/index.php?rest_route=\/wp\/v2\/posts\/649","targetHints":{"allow":["GET"]}}],"collection":[{"href":"https:\/\/www.toque-musicall.com\/index.php?rest_route=\/wp\/v2\/posts"}],"about":[{"href":"https:\/\/www.toque-musicall.com\/index.php?rest_route=\/wp\/v2\/types\/post"}],"author":[{"embeddable":true,"href":"https:\/\/www.toque-musicall.com\/index.php?rest_route=\/wp\/v2\/users\/1"}],"replies":[{"embeddable":true,"href":"https:\/\/www.toque-musicall.com\/index.php?rest_route=%2Fwp%2Fv2%2Fcomments&post=649"}],"version-history":[{"count":0,"href":"https:\/\/www.toque-musicall.com\/index.php?rest_route=\/wp\/v2\/posts\/649\/revisions"}],"wp:attachment":[{"href":"https:\/\/www.toque-musicall.com\/index.php?rest_route=%2Fwp%2Fv2%2Fmedia&parent=649"}],"wp:term":[{"taxonomy":"category","embeddable":true,"href":"https:\/\/www.toque-musicall.com\/index.php?rest_route=%2Fwp%2Fv2%2Fcategories&post=649"},{"taxonomy":"post_tag","embeddable":true,"href":"https:\/\/www.toque-musicall.com\/index.php?rest_route=%2Fwp%2Fv2%2Ftags&post=649"}],"curies":[{"name":"wp","href":"https:\/\/api.w.org\/{rel}","templated":true}]}}