{"id":650,"date":"2010-11-05T02:19:00","date_gmt":"2010-11-05T02:19:00","guid":{"rendered":"http:\/\/www.toque-musicall.com\/?p=650"},"modified":"2010-11-05T02:19:00","modified_gmt":"2010-11-05T02:19:00","slug":"sabado-na-feira-do-vinil","status":"publish","type":"post","link":"https:\/\/www.toque-musicall.com\/?p=650","title":{"rendered":"S\u00e1bado Na Feira Do Vinil"},"content":{"rendered":"<p><img decoding=\"async\" style=\"TEXT-ALIGN: center; MARGIN: 0px auto 10px; WIDTH: 400px; DISPLAY: block; HEIGHT: 266px; CURSOR: hand\" id=\"BLOGGER_PHOTO_ID_5535992767990905634\" border=\"0\" alt=\"\" src=\"http:\/\/3.bp.blogspot.com\/_DSKVEvHtskc\/TNPMF286uyI\/AAAAAAAAHR4\/iD4izGnbU0s\/s400\/para+a+feira.JPG\" \/><a href=\"http:\/\/4.bp.blogspot.com\/_DSKVEvHtskc\/TNNrVYSdcCI\/AAAAAAAAHRs\/d-kwq7HNyp8\/s1600\/18+feira+flyer+quadrado+P.JPG\"><img decoding=\"async\" style=\"TEXT-ALIGN: center; MARGIN: 0px auto 10px; WIDTH: 400px; DISPLAY: block; HEIGHT: 283px; CURSOR: hand\" id=\"BLOGGER_PHOTO_ID_5535886382009774114\" border=\"0\" alt=\"\" src=\"http:\/\/4.bp.blogspot.com\/_DSKVEvHtskc\/TNNrVYSdcCI\/AAAAAAAAHRs\/d-kwq7HNyp8\/s400\/18+feira+flyer+quadrado+P.JPG\" \/><\/a><a href=\"http:\/\/2.bp.blogspot.com\/_DSKVEvHtskc\/TNNqIFhUAgI\/AAAAAAAAHRg\/zgBU6WKijFs\/s1600\/para+a+feira+2.JPG\"><img decoding=\"async\" style=\"TEXT-ALIGN: center; MARGIN: 0px auto 10px; WIDTH: 400px; DISPLAY: block; HEIGHT: 266px; CURSOR: hand\" id=\"BLOGGER_PHOTO_ID_5535885054121869826\" border=\"0\" alt=\"\" src=\"http:\/\/2.bp.blogspot.com\/_DSKVEvHtskc\/TNNqIFhUAgI\/AAAAAAAAHRg\/zgBU6WKijFs\/s400\/para+a+feira+2.JPG\" \/><\/a>J\u00e1 ia me esquecendo&#8230; s\u00e1bado \u00e9 dia de Feira de Discos! Fim de ano t\u00e1 chegando e eu precisando fazer um dinheirinho, hehehe&#8230; Acho que vou levar alguns discos tamb\u00e9m para vender por l\u00e1. O foda \u00e9 que eu sempre acabo comprando mais do que vendendo. J\u00e1 come\u00e7ei a separar as minhas raridades para levar. T\u00f4 descendo da estante algumas coisas do acervo do Toque Musical e olha que j\u00e1  tem nego me ligando atr\u00e1s de disco. Calma mo\u00e7ada! Tem para todos&#8230; Apare\u00e7am por l\u00e1 e confiram as ofertas \ud83d\ude09<\/p>\n<p><\/p>\n<div><\/div>\n","protected":false},"excerpt":{"rendered":"<p>J\u00e1 ia me esquecendo&#8230; s\u00e1bado \u00e9 dia de Feira de Discos! Fim de ano t\u00e1 chegando e eu precisando fazer um dinheirinho, hehehe&#8230; Acho que vou levar alguns discos tamb\u00e9m para vender por l\u00e1. O foda \u00e9 que eu sempre &hellip; <a href=\"https:\/\/www.toque-musicall.com\/?p=650\">Continue lendo <span class=\"meta-nav\">&rarr;<\/span><\/a><\/p>\n","protected":false},"author":1,"featured_media":0,"comment_status":"open","ping_status":"closed","sticky":false,"template":"","format":"standard","meta":{"footnotes":""},"categories":[5],"tags":[],"class_list":["post-650","post","type-post","status-publish","format-standard","hentry","category-textostrecos"],"_links":{"self":[{"href":"https:\/\/www.toque-musicall.com\/index.php?rest_route=\/wp\/v2\/posts\/650","targetHints":{"allow":["GET"]}}],"collection":[{"href":"https:\/\/www.toque-musicall.com\/index.php?rest_route=\/wp\/v2\/posts"}],"about":[{"href":"https:\/\/www.toque-musicall.com\/index.php?rest_route=\/wp\/v2\/types\/post"}],"author":[{"embeddable":true,"href":"https:\/\/www.toque-musicall.com\/index.php?rest_route=\/wp\/v2\/users\/1"}],"replies":[{"embeddable":true,"href":"https:\/\/www.toque-musicall.com\/index.php?rest_route=%2Fwp%2Fv2%2Fcomments&post=650"}],"version-history":[{"count":0,"href":"https:\/\/www.toque-musicall.com\/index.php?rest_route=\/wp\/v2\/posts\/650\/revisions"}],"wp:attachment":[{"href":"https:\/\/www.toque-musicall.com\/index.php?rest_route=%2Fwp%2Fv2%2Fmedia&parent=650"}],"wp:term":[{"taxonomy":"category","embeddable":true,"href":"https:\/\/www.toque-musicall.com\/index.php?rest_route=%2Fwp%2Fv2%2Fcategories&post=650"},{"taxonomy":"post_tag","embeddable":true,"href":"https:\/\/www.toque-musicall.com\/index.php?rest_route=%2Fwp%2Fv2%2Ftags&post=650"}],"curies":[{"name":"wp","href":"https:\/\/api.w.org\/{rel}","templated":true}]}}