{"id":6500,"date":"2018-07-28T14:13:13","date_gmt":"2018-07-28T17:13:13","guid":{"rendered":"http:\/\/www.toque-musicall.com\/?p=6500"},"modified":"2018-07-29T14:15:43","modified_gmt":"2018-07-29T17:15:43","slug":"isabel-mourao-dancas-brasileiras-1978","status":"publish","type":"post","link":"https:\/\/www.toque-musicall.com\/?p=6500","title":{"rendered":"Isabel Mour\u00e3o &#8211; Dan\u00e7as Brasileiras (1978)"},"content":{"rendered":"<p><img loading=\"lazy\" decoding=\"async\" class=\"aligncenter size-large\" src=\"https:\/\/2.bp.blogspot.com\/-9n7OSs7X98U\/W13e95CxdPI\/AAAAAAAAPK0\/4osDWj2EtGE7hYeU1OyiysfTfiC3u5RNgCLcBGAs\/s640\/capap.JPG\" width=\"640\" height=\"636\" \/><img loading=\"lazy\" decoding=\"async\" class=\"aligncenter size-large\" src=\"https:\/\/1.bp.blogspot.com\/-2OOsFssMY6c\/W13e9IxvUtI\/AAAAAAAAPKw\/MED7PugHk3wqPTahX1VZq_mrmMX4Gt96QCLcBGAs\/s640\/contracapaP.JPG\" width=\"640\" height=\"627\" \/><\/p>\n<p>Boa tarde, amigos cultos e ocultos! Marcando presen\u00e7a, hoje temos um disco do selo Marcus Pereira. Certamente, trata-se de um disco j\u00e1 bem divulgado em outras pra\u00e7as, mas aqui tamb\u00e9m ele encontra a sua vez. Entre tantas p\u00e9rolas musicais registradas por Marcus Pereira, temos aqui um trabalho dos mais importantes, lan\u00e7ado em 1978, reunindo temas tradicionais da dan\u00e7a brasileira. M\u00fasicas de diferentes autores como Francisco Viana, Francisco Mignone, Francisco Braga, Guerra Peixe, Lorenzo Fernandez, Ernani Braga, Villa Lobos, Camargo Guarnieri, Claudio Santoro, Marlos Nobre e Alberto Nepomuceno. Um time, realmente dos melhores. Para este trabalho foi escolhida com int\u00e9rprete das obras a renomada pianista Isabel Mour\u00e3o, um nome que infelizmente, como muitos outros, passa despercebido para a grande maioria. Isabel Mour\u00e3o foi considerada uma da \u00faltimas damas do piano brasileiro. Uma artista das mais conceituadas e premiadas da m\u00fasica erudita. Foi a primeira pianista no mundo a gravar as 66 pe\u00e7as &#8220;Lyric Pieces&#8221;, de E. Grieg. Nascida em S\u00e3o Paulo, em 1922. Faleceu aos 84 anos, em S\u00e3o Jo\u00e3o Del Rey, Minas.<\/p>\n<div style=\"text-align: center;\">corta jaca &#8211; frutuoso viana<\/div>\n<div style=\"text-align: center;\">maxixando &#8211; francisco mignone<\/div>\n<div style=\"text-align: center;\">congada &#8211; francisco mignone<\/div>\n<div style=\"text-align: center;\">os lundus da marquesa &#8211; francisco braga<\/div>\n<div style=\"text-align: center;\">bai\u00e3o &#8211; osvaldo lacerda<\/div>\n<div style=\"text-align: center;\">cateret\u00ea &#8211; guerra peixe<\/div>\n<div style=\"text-align: center;\">jongo -lorenzo fernandez<\/div>\n<div style=\"text-align: center;\">tango brasileiro &#8211; ernani braga<\/div>\n<div style=\"text-align: center;\">miudinho &#8211; villa lobos<\/div>\n<div style=\"text-align: center;\">dan\u00e7a negra &#8211; camargo guarnieri<\/div>\n<div style=\"text-align: center;\">paulistana n. 2 &#8211; claudio santoro<\/div>\n<div style=\"text-align: center;\">capoeira e coco I &#8211; marlos nobre<\/div>\n<div style=\"text-align: center;\">brasileira &#8211; alberto nepomuceno<\/div>\n<p style=\"text-align: center;\">\n<p>.<\/p>\n","protected":false},"excerpt":{"rendered":"<p>Boa tarde, amigos cultos e ocultos! Marcando presen\u00e7a, hoje temos um disco do selo Marcus Pereira. Certamente, trata-se de um disco j\u00e1 bem divulgado em outras pra\u00e7as, mas aqui tamb\u00e9m ele encontra a sua vez. Entre tantas p\u00e9rolas musicais registradas &hellip; <a href=\"https:\/\/www.toque-musicall.com\/?p=6500\">Continue lendo <span class=\"meta-nav\">&rarr;<\/span><\/a><\/p>\n","protected":false},"author":1,"featured_media":0,"comment_status":"open","ping_status":"closed","sticky":false,"template":"","format":"standard","meta":{"footnotes":""},"categories":[2990,130],"tags":[],"class_list":["post-6500","post","type-post","status-publish","format-standard","hentry","category-isabel-mourao","category-selo-marcus-pereira"],"_links":{"self":[{"href":"https:\/\/www.toque-musicall.com\/index.php?rest_route=\/wp\/v2\/posts\/6500","targetHints":{"allow":["GET"]}}],"collection":[{"href":"https:\/\/www.toque-musicall.com\/index.php?rest_route=\/wp\/v2\/posts"}],"about":[{"href":"https:\/\/www.toque-musicall.com\/index.php?rest_route=\/wp\/v2\/types\/post"}],"author":[{"embeddable":true,"href":"https:\/\/www.toque-musicall.com\/index.php?rest_route=\/wp\/v2\/users\/1"}],"replies":[{"embeddable":true,"href":"https:\/\/www.toque-musicall.com\/index.php?rest_route=%2Fwp%2Fv2%2Fcomments&post=6500"}],"version-history":[{"count":1,"href":"https:\/\/www.toque-musicall.com\/index.php?rest_route=\/wp\/v2\/posts\/6500\/revisions"}],"predecessor-version":[{"id":6501,"href":"https:\/\/www.toque-musicall.com\/index.php?rest_route=\/wp\/v2\/posts\/6500\/revisions\/6501"}],"wp:attachment":[{"href":"https:\/\/www.toque-musicall.com\/index.php?rest_route=%2Fwp%2Fv2%2Fmedia&parent=6500"}],"wp:term":[{"taxonomy":"category","embeddable":true,"href":"https:\/\/www.toque-musicall.com\/index.php?rest_route=%2Fwp%2Fv2%2Fcategories&post=6500"},{"taxonomy":"post_tag","embeddable":true,"href":"https:\/\/www.toque-musicall.com\/index.php?rest_route=%2Fwp%2Fv2%2Ftags&post=6500"}],"curies":[{"name":"wp","href":"https:\/\/api.w.org\/{rel}","templated":true}]}}