{"id":6506,"date":"2018-07-31T22:55:39","date_gmt":"2018-08-01T01:55:39","guid":{"rendered":"http:\/\/www.toque-musicall.com\/?p=6506"},"modified":"2018-07-31T22:55:39","modified_gmt":"2018-08-01T01:55:39","slug":"black-joe-barra-limpa-5-1968","status":"publish","type":"post","link":"https:\/\/www.toque-musicall.com\/?p=6506","title":{"rendered":"Black Joe &#8211; Barra Limpa 5 (1968)"},"content":{"rendered":"<p><img loading=\"lazy\" decoding=\"async\" class=\"aligncenter size-large\" src=\"https:\/\/3.bp.blogspot.com\/-T0ckyoP5FnY\/W2EQybQhEBI\/AAAAAAAAPL0\/y5BrXloL0Hs76_LTqDZFPoZDoueYl0NmACLcBGAs\/s640\/capa%2Bfp.JPG\" width=\"640\" height=\"638\" \/><img loading=\"lazy\" decoding=\"async\" class=\"aligncenter size-large\" src=\"https:\/\/4.bp.blogspot.com\/-weGdi5Hok1E\/W2EQyW8WO8I\/AAAAAAAAPL4\/S0Rqlsq479gyaof-OnHduR7RuCrBlEAMACLcBGAs\/s640\/capap.JPG\" width=\"627\" height=\"640\" \/><\/p>\n<p>E eis que o TM p\u00f5e novamente na \u00e1rea o Black Joe! J\u00e1 hav\u00edamos oferecido anteriormente a nossos amigos cultos e ocultos o segundo volume da s\u00e9rie \u201cBarra limpa\u201d, em que ele era acompanhado pelo grupo The Gordons. Agora, oferecemos o n\u00famero 5, tamb\u00e9m editado em 1968, com nosso Black Joe contando, desta vez, com o suporte instrumental dos Golden Medals. Todos os volumes de \u201cBarra limpa\u201d sa\u00edram pela obscura e ef\u00eamera marca Op-Disc. A exemplo do disco anterior, nada se sabe a respeito dos Golden Medals, nem mesmo quem foram os integrantes do grupo. E tamb\u00e9m n\u00e3o h\u00e1 informa\u00e7\u00f5es dispon\u00edveis a respeito do Black Joe. Mas at\u00e9 que ele cantava muit\u00edssimo bem&#8230; \u00c9 o que poderemos constatar neste quinto (e ao que parece, \u00faltimo) volume de \u201cBarra limpa\u201d, reunindo doze sucessos nacionais e internacionais da m\u00fasica jovem de ent\u00e3o. Os destaques ficam por conta de \u201cSan Francisco\u201d (verdadeiro hino da gera\u00e7\u00e3o hippie, originalmente gravado por Scott McKenzie), \u201cCanzone per te\u201d (vencedora, em 1968, do Festival de San Remo, na It\u00e1lia, iniciando a carreira internacional de Roberto Carlos), \u201cPra nunca mais chorar\u201d (balada com a qual a cantora Vanusa despontou para o estrelato), \u201cQuem ser\u00e1?\u201d (de Evaldo Gouveia e Jair Amorim, ent\u00e3o hit de Agnaldo Tim\u00f3teo) , \u201cEu n\u00e3o sou ioi\u00f4\u201d (cria\u00e7\u00e3o de Wanderley Cardoso), \u201cEu sou aquele\u201d (vers\u00e3o de uma m\u00fasica de origem espanhola,\u00a0<a href=\"https:\/\/www.blogger.com\/null\" name=\"_GoBack\"><\/a>que teve diversas grava\u00e7\u00f5es) e \u201cQuando a saudade apertar\u201d (que estourou na voz de Paulo S\u00e9rgio). Com direito at\u00e9 mesmo a m\u00fasicas ent\u00e3o in\u00e9ditas (\u201cVem, meu amor\u201d, \u201cMundo de amor\u201d, \u201cO que ser\u00e1 dos nossos cora\u00e7\u00f5es\u201d, \u201cEu n\u00e3o devia\u201d e \u201cClarice desastrosa\u201d). Tudo isso faz deste \u201cBarra limpa 5\u201d um interessante \u00e1lbum para ouvir e dan\u00e7ar, al\u00e9m de documentar uma \u00e9poca em que pod\u00edamos cantar mais e melhor.\u00a0 \u00c9 s\u00f3 conferir.<\/p>\n<div style=\"text-align: center;\">mundo de amor<\/div>\n<div style=\"text-align: center;\">s\u00e3o francisco<\/div>\n<div style=\"text-align: center;\">pra nunca mais chorar<\/div>\n<div style=\"text-align: center;\">quem ser\u00e1<\/div>\n<div style=\"text-align: center;\">quando a saudade apertar<\/div>\n<div style=\"text-align: center;\">clarice desastrosa<\/div>\n<div style=\"text-align: center;\">que ser\u00e1 dos nossos cora\u00e7\u00f5es<\/div>\n<div style=\"text-align: center;\">eu sou aquele<\/div>\n<div style=\"text-align: center;\">eu n\u00e3o sou i\u00f4-i\u00f4<\/div>\n<div style=\"text-align: center;\">eu n\u00e3o devia<\/div>\n<div style=\"text-align: center;\">canzone per te<\/div>\n<div style=\"text-align: center;\">vem meu amor<\/div>\n<div><\/div>\n<p>*Texto de Samuel Machado Filho<\/p>\n","protected":false},"excerpt":{"rendered":"<p>E eis que o TM p\u00f5e novamente na \u00e1rea o Black Joe! J\u00e1 hav\u00edamos oferecido anteriormente a nossos amigos cultos e ocultos o segundo volume da s\u00e9rie \u201cBarra limpa\u201d, em que ele era acompanhado pelo grupo The Gordons. Agora, oferecemos &hellip; <a href=\"https:\/\/www.toque-musicall.com\/?p=6506\">Continue lendo <span class=\"meta-nav\">&rarr;<\/span><\/a><\/p>\n","protected":false},"author":1,"featured_media":0,"comment_status":"open","ping_status":"closed","sticky":false,"template":"","format":"standard","meta":{"footnotes":""},"categories":[2992,2828],"tags":[],"class_list":["post-6506","post","type-post","status-publish","format-standard","hentry","category-black-joe","category-selo-op-disc"],"_links":{"self":[{"href":"https:\/\/www.toque-musicall.com\/index.php?rest_route=\/wp\/v2\/posts\/6506","targetHints":{"allow":["GET"]}}],"collection":[{"href":"https:\/\/www.toque-musicall.com\/index.php?rest_route=\/wp\/v2\/posts"}],"about":[{"href":"https:\/\/www.toque-musicall.com\/index.php?rest_route=\/wp\/v2\/types\/post"}],"author":[{"embeddable":true,"href":"https:\/\/www.toque-musicall.com\/index.php?rest_route=\/wp\/v2\/users\/1"}],"replies":[{"embeddable":true,"href":"https:\/\/www.toque-musicall.com\/index.php?rest_route=%2Fwp%2Fv2%2Fcomments&post=6506"}],"version-history":[{"count":1,"href":"https:\/\/www.toque-musicall.com\/index.php?rest_route=\/wp\/v2\/posts\/6506\/revisions"}],"predecessor-version":[{"id":6507,"href":"https:\/\/www.toque-musicall.com\/index.php?rest_route=\/wp\/v2\/posts\/6506\/revisions\/6507"}],"wp:attachment":[{"href":"https:\/\/www.toque-musicall.com\/index.php?rest_route=%2Fwp%2Fv2%2Fmedia&parent=6506"}],"wp:term":[{"taxonomy":"category","embeddable":true,"href":"https:\/\/www.toque-musicall.com\/index.php?rest_route=%2Fwp%2Fv2%2Fcategories&post=6506"},{"taxonomy":"post_tag","embeddable":true,"href":"https:\/\/www.toque-musicall.com\/index.php?rest_route=%2Fwp%2Fv2%2Ftags&post=6506"}],"curies":[{"name":"wp","href":"https:\/\/api.w.org\/{rel}","templated":true}]}}