{"id":6509,"date":"2018-08-07T08:30:00","date_gmt":"2018-08-07T11:30:00","guid":{"rendered":"http:\/\/www.toque-musicall.com\/?p=6509"},"modified":"2018-08-15T08:34:59","modified_gmt":"2018-08-15T11:34:59","slug":"caetano-veloso-qualquer-coisa-1975","status":"publish","type":"post","link":"https:\/\/www.toque-musicall.com\/?p=6509","title":{"rendered":"Caetano Veloso &#8211; Qualquer Coisa (1975)"},"content":{"rendered":"<p><img loading=\"lazy\" decoding=\"async\" class=\"aligncenter size-large\" src=\"https:\/\/3.bp.blogspot.com\/-4ni18Hqr35A\/W3QKJyBkOWI\/AAAAAAAAPMU\/3EBbnflXSPw18YyP3qq-sN-ULJD-JM-vACEwYBhgL\/s640\/capa%2Bp.JPG\" width=\"640\" height=\"636\" \/><img loading=\"lazy\" decoding=\"async\" class=\"aligncenter size-large\" src=\"https:\/\/2.bp.blogspot.com\/-TxOocS8f3Eg\/W3QKayHX0vI\/AAAAAAAAPMY\/PqmwPdHS1GsIerwCr3hIIgay79qpsuJhgCEwYBhgL\/s640\/contrap.JPG\" width=\"639\" height=\"640\" \/><\/p>\n<p>Bom dia, amigos cultos e ocultos! Se \u00e9 para come\u00e7ar agosto, que seja em bom tom, com boa m\u00fasica e mais que isso, homenageando um grande baiano, o genial Caetano Veloso, hoje, dia 7 de agosto, fazendo anivers\u00e1rio. Escolhi, para tanto, um de seus cl\u00e1ssicos discos, o maravilhoso &#8220;Qualquer Coisa&#8221;, lp lan\u00e7ado no ano de 1975, mesmo anos em que foi lan\u00e7ado seu outro cl\u00e1ssico, o &#8220;J\u00f3ia&#8221;. Segundo o pr\u00f3prio artista, &#8220;Qualquer Coisa&#8221; e &#8220;J\u00f3ia&#8221; seriam, inicialmente um \u00fanico \u00e1lbum, duplo. E a refer\u00eancia a isso est\u00e1 na contracapa onde podemos ler &#8220;A outra metade \u00e9 J\u00f3ia&#8221;.<br \/>\n<i>&#8220;Ia ser um \u00e1lbum duplo, porque eu tinha muito material. A\u00ed resolvi fazer dois discos, cada um com um t\u00edtulo. O\u00a0J\u00f3ia\u00a0era a minha rela\u00e7\u00e3o com o trabalho limpo, pequenas pe\u00e7as bem acabadas, com a liberdade de\u00a0Ara\u00e7\u00e1 Azul. N\u00e3o tem nem bateria no\u00a0J\u00f3ia, um instrumento do qual eu n\u00e3o gostava. Cada faixa era uma j\u00f3ia.\u00a0Qualquer coisa\u00a0era o vale tudo, bateria, confus\u00e3o. O manifesto do\u00a0J\u00f3ia\u00a0e o manifesto do\u00a0Qualquer Coisa, lidos juntos, tem um batimento engra\u00e7ado. O\u00a0J\u00f3ia\u00a0foi o \u00fanico que reouvi em CD. Soa t\u00e3o bonito&#8230; Adoro o sil\u00eancio do CD. Gosto de\u00a0Na Asa do Vento\u00a0e em\u00a0Minha Mulher\u00a0\u00e9 maravilhoso o relaxamento meu e de Gil ao viol\u00e3o, que n\u00e3o encontro em outra faixa de\u00a0J\u00f3ia.\u00a0Qualquer Coisa\u00a0\u00e9 que era relaxado. Gosto da faixa\u00a0Qualquer Coisa, mas na grava\u00e7\u00e3o a can\u00e7\u00e3o ficou presa. O\u00a0Roberto Carlos\u00a0reclamou que eu n\u00e3o tinha dado pra ele\u00a0Qualquer Coisa. Devia ter dado. Ia cantar t\u00e3o lindo, t\u00e3o profissional. \u00c9 curioso. A letra mais abstrata do Brasil, cheia de refer\u00eancias, um t\u00edtulo de filme de\u00a0Rog\u00e9rio Sganzerla, todo mundo cantou.\u00a0Qualquer Coisa vendeu muito mais que\u00a0J\u00f3ia. Uma coisa assim de 60.000 contra 30.000.&#8221;<\/i><\/p>\n<div style=\"text-align: center;\">qualquer coisa<\/div>\n<div style=\"text-align: center;\">da maior import\u00e2ncia<\/div>\n<div style=\"text-align: center;\">samba e amor<\/div>\n<div style=\"text-align: center;\">madrugada e amor<\/div>\n<div style=\"text-align: center;\">a tua presen\u00e7a morena<\/div>\n<div style=\"text-align: center;\">drume negrinha<\/div>\n<div style=\"text-align: center;\">jorge da capad\u00f3cia<\/div>\n<div style=\"text-align: center;\">eleanor rigby<\/div>\n<div style=\"text-align: center;\">for no one<\/div>\n<div style=\"text-align: center;\">lady madonna<\/div>\n<div style=\"text-align: center;\">la flor de la canela<\/div>\n<div style=\"text-align: center;\">nicinha<\/div>\n<div><\/div>\n<p>&nbsp;<\/p>\n","protected":false},"excerpt":{"rendered":"<p>Bom dia, amigos cultos e ocultos! Se \u00e9 para come\u00e7ar agosto, que seja em bom tom, com boa m\u00fasica e mais que isso, homenageando um grande baiano, o genial Caetano Veloso, hoje, dia 7 de agosto, fazendo anivers\u00e1rio. Escolhi, para &hellip; <a href=\"https:\/\/www.toque-musicall.com\/?p=6509\">Continue lendo <span class=\"meta-nav\">&rarr;<\/span><\/a><\/p>\n","protected":false},"author":1,"featured_media":0,"comment_status":"open","ping_status":"closed","sticky":false,"template":"","format":"standard","meta":{"footnotes":""},"categories":[136,48],"tags":[],"class_list":["post-6509","post","type-post","status-publish","format-standard","hentry","category-caetano-veloso","category-selo-philips"],"_links":{"self":[{"href":"https:\/\/www.toque-musicall.com\/index.php?rest_route=\/wp\/v2\/posts\/6509","targetHints":{"allow":["GET"]}}],"collection":[{"href":"https:\/\/www.toque-musicall.com\/index.php?rest_route=\/wp\/v2\/posts"}],"about":[{"href":"https:\/\/www.toque-musicall.com\/index.php?rest_route=\/wp\/v2\/types\/post"}],"author":[{"embeddable":true,"href":"https:\/\/www.toque-musicall.com\/index.php?rest_route=\/wp\/v2\/users\/1"}],"replies":[{"embeddable":true,"href":"https:\/\/www.toque-musicall.com\/index.php?rest_route=%2Fwp%2Fv2%2Fcomments&post=6509"}],"version-history":[{"count":1,"href":"https:\/\/www.toque-musicall.com\/index.php?rest_route=\/wp\/v2\/posts\/6509\/revisions"}],"predecessor-version":[{"id":6510,"href":"https:\/\/www.toque-musicall.com\/index.php?rest_route=\/wp\/v2\/posts\/6509\/revisions\/6510"}],"wp:attachment":[{"href":"https:\/\/www.toque-musicall.com\/index.php?rest_route=%2Fwp%2Fv2%2Fmedia&parent=6509"}],"wp:term":[{"taxonomy":"category","embeddable":true,"href":"https:\/\/www.toque-musicall.com\/index.php?rest_route=%2Fwp%2Fv2%2Fcategories&post=6509"},{"taxonomy":"post_tag","embeddable":true,"href":"https:\/\/www.toque-musicall.com\/index.php?rest_route=%2Fwp%2Fv2%2Ftags&post=6509"}],"curies":[{"name":"wp","href":"https:\/\/api.w.org\/{rel}","templated":true}]}}