{"id":651,"date":"2010-11-04T08:49:00","date_gmt":"2010-11-04T08:49:00","guid":{"rendered":"http:\/\/www.toque-musicall.com\/?p=651"},"modified":"2018-07-29T14:12:32","modified_gmt":"2018-07-29T17:12:32","slug":"irio-de-paula-jazz-a-confronto-1974","status":"publish","type":"post","link":"https:\/\/www.toque-musicall.com\/?p=651","title":{"rendered":"Irio De Paula &#8211; Jazz A Confronto (1974)"},"content":{"rendered":"<p><a href=\"http:\/\/2.bp.blogspot.com\/_DSKVEvHtskc\/TNJ8UymqrlI\/AAAAAAAAHRU\/t0C4LKL6WMA\/s1600\/folder2.jpg\"><img decoding=\"async\" id=\"BLOGGER_PHOTO_ID_5535623588614942290\" style=\"text-align: center; margin: 0px auto 10px; width: 395px; display: block; height: 400px; cursor: hand;\" src=\"http:\/\/2.bp.blogspot.com\/_DSKVEvHtskc\/TNJ8UymqrlI\/AAAAAAAAHRU\/t0C4LKL6WMA\/s400\/folder2.jpg\" alt=\"\" border=\"0\" \/><\/a> Eu havia dito que esta semana seria bem variada como uma colcha de retalhos, mas acabei ficando na m\u00fasica instrumental e jazz. Acontece que nesses dias eu estou em tr\u00e2nsito, pequenas viagens. Da\u00ed, acabei n\u00e3o tendo como cumprir o prometido. Mas, acredito eu, que as postagens est\u00e3o de bom tamanho (e o &#8216;ibope&#8217; tamb\u00e9m). Talvez, mais que voc\u00eas, eu estou me divertindo muito e aproveitando o momento para curtir tamb\u00e9m esses discos bacanas. Estou com a s\u00e9rie toda da &#8220;Jazz A Confronto&#8221; em meu Ipod. S\u00e3o discos \u00f3timos e no &#8216;cast&#8217; do selo tem alguns m\u00fasicos brasileiros que muitos poucos brasileiros ouviram falar. Al\u00e9m do Afonso Vieira que eu j\u00e1 postei, tem tamb\u00e9m o percussionista Mandrake (Ivanir do Nascimento) e o guitarrista Irio de Paula. A s\u00e9rie criada pelo produtor Aldo Sinesio nos anos 70 teve 35 volumes, ou seja, 35 discos de um variado grupo de m\u00fasicos jazz\u00edstas europeus, americanos e brasileiros. A &#8216;qu\u00edmica&#8217; do sucesso da &#8220;Jazz A Confronto&#8221; \u00e9 justamente o entrosamento entre os m\u00fasicos, criado pelo produtor. Os m\u00fasicos tocam nos discos uns dos outros, surgindo assim parcerias in\u00e9ditas e resultados surpreendentes. O disco que deu origem a s\u00e9rie foi este \u00e1lbum produzido inicialmente com o t\u00edtulo de &#8220;Balan\u00e7o&#8221; e lan\u00e7ado em 1972. Nele tocam Irio de Paula, Afonso Vieira, Ivanir do Nascimento (o Mandrake) e o baixista italiano Giorgio Rosciglione. Na contracapa, apresentado os artistas, temos um texto do maestro Enrico Simonetti, bem conhecido por todos n\u00f3s aqui no Brasil atrav\u00e9s de seus discos e trabalhos pelo selo RGE. A capa que vemos acima j\u00e1 \u00e9 a da s\u00e9rie JAC, de 1974.<br \/>\nAntes de chegarem ao Simonetti, deixa eu clarear um pouco mais&#8230; Irio de Paula \u00e9 um renomado guitarrista de jazz europeu. J\u00e1 tocou com in\u00fameros e n\u00e3o menos famosos m\u00fasicos de v\u00e1rias partes do mundo. Tem em seu curr\u00edculo discogr\u00e1fico mais de 60 trabalhos. Nos anos 70 esteve na Europa acompanhado a cantora Elza Soares e por l\u00e1 ficou, estabelecendo resid\u00eancia na Italia. O Afonso Vieira eu j\u00e1 citei no disco anterior da JAC, \u00e9 outro na mesma linha. Quanto ao Ivanir do Nascimento, mais conhecido por Mandrake (apelido este adquirido por sua semelhan\u00e7a com o personagem da est\u00f3ria em quadrinhos, quando ainda usava um bigodinho), se estabeleceu na Europa no final dos anos 50. Gravou poucos discos autorais, mas participou de diversos projetos e \u00e1lbuns de outros artistas, principalmente no Jazz e trilhas para cinema. Tanto Mandrake como Afonso Vieira estiveram na trilha criada pelo argentino Gato Barbieri para o pol\u00eamico filme de Bertolucci, &#8220;O \u00daltimo Tango em Paris&#8221;. Outra curiosidade, Mandrake, falecido nos anos 80, era primo do nosso craque, o Rei Pel\u00e9. Confiram tamb\u00e9m este toque&#8230; \ud83d\ude09<\/p>\n<div align=\"center\">mato grosso<\/div>\n<div align=\"center\">astrud<\/div>\n<div align=\"center\">n\u00f3s quatro<\/div>\n<div align=\"center\">sbrogue<\/div>\n<div align=\"center\">saudade<\/div>\n<div align=\"center\">n\u00e3o quero nem saber<\/div>\n<div align=\"center\">j\u00e1 era<\/div>\n<div align=\"center\"><\/div>\n<div align=\"center\"><\/div>\n<div align=\"center\">.<\/div>\n<div align=\"center\"><\/div>\n","protected":false},"excerpt":{"rendered":"<p>Eu havia dito que esta semana seria bem variada como uma colcha de retalhos, mas acabei ficando na m\u00fasica instrumental e jazz. Acontece que nesses dias eu estou em tr\u00e2nsito, pequenas viagens. Da\u00ed, acabei n\u00e3o tendo como cumprir o prometido. &hellip; <a href=\"https:\/\/www.toque-musicall.com\/?p=651\">Continue lendo <span class=\"meta-nav\">&rarr;<\/span><\/a><\/p>\n","protected":false},"author":1,"featured_media":0,"comment_status":"open","ping_status":"closed","sticky":false,"template":"","format":"standard","meta":{"footnotes":""},"categories":[957,956,955],"tags":[],"class_list":["post-651","post","type-post","status-publish","format-standard","hentry","category-afonso-vieira","category-irio-de-paula","category-ivanir-do-nascimento-mandrake"],"_links":{"self":[{"href":"https:\/\/www.toque-musicall.com\/index.php?rest_route=\/wp\/v2\/posts\/651","targetHints":{"allow":["GET"]}}],"collection":[{"href":"https:\/\/www.toque-musicall.com\/index.php?rest_route=\/wp\/v2\/posts"}],"about":[{"href":"https:\/\/www.toque-musicall.com\/index.php?rest_route=\/wp\/v2\/types\/post"}],"author":[{"embeddable":true,"href":"https:\/\/www.toque-musicall.com\/index.php?rest_route=\/wp\/v2\/users\/1"}],"replies":[{"embeddable":true,"href":"https:\/\/www.toque-musicall.com\/index.php?rest_route=%2Fwp%2Fv2%2Fcomments&post=651"}],"version-history":[{"count":1,"href":"https:\/\/www.toque-musicall.com\/index.php?rest_route=\/wp\/v2\/posts\/651\/revisions"}],"predecessor-version":[{"id":6499,"href":"https:\/\/www.toque-musicall.com\/index.php?rest_route=\/wp\/v2\/posts\/651\/revisions\/6499"}],"wp:attachment":[{"href":"https:\/\/www.toque-musicall.com\/index.php?rest_route=%2Fwp%2Fv2%2Fmedia&parent=651"}],"wp:term":[{"taxonomy":"category","embeddable":true,"href":"https:\/\/www.toque-musicall.com\/index.php?rest_route=%2Fwp%2Fv2%2Fcategories&post=651"},{"taxonomy":"post_tag","embeddable":true,"href":"https:\/\/www.toque-musicall.com\/index.php?rest_route=%2Fwp%2Fv2%2Ftags&post=651"}],"curies":[{"name":"wp","href":"https:\/\/api.w.org\/{rel}","templated":true}]}}