{"id":6516,"date":"2018-08-23T22:52:14","date_gmt":"2018-08-24T01:52:14","guid":{"rendered":"http:\/\/www.toque-musicall.com\/?p=6516"},"modified":"2018-08-23T22:52:44","modified_gmt":"2018-08-24T01:52:44","slug":"chacrinha-chacretes-cantam-para-todas-as-festas-1985","status":"publish","type":"post","link":"https:\/\/www.toque-musicall.com\/?p=6516","title":{"rendered":"Chacrinha &#038; Chacretes &#8211; Cantam Para Todas As Festas (1985)"},"content":{"rendered":"<p><img loading=\"lazy\" decoding=\"async\" class=\"aligncenter size-large\" src=\"https:\/\/4.bp.blogspot.com\/-n5Ir_-356Ow\/W39IaLUPp6I\/AAAAAAAAPOs\/tfFZPvTUHpgZ5iW6-aFiGue1_krwHcD7wCLcBGAs\/s640\/capaFp.JPG\" width=\"640\" height=\"639\" \/><img loading=\"lazy\" decoding=\"async\" class=\"aligncenter size-large\" src=\"https:\/\/3.bp.blogspot.com\/-Nncf21C19LA\/W39IZwxEBDI\/AAAAAAAAPOo\/0_l4s8kjwooTr0JCwN3jDY9N-JPp6SRwgCLcBGAs\/s640\/contrap.JPG\" width=\"640\" height=\"639\" \/><\/p>\n<p>\u00c9 incontest\u00e1vel a import\u00e2ncia de Jos\u00e9 Abelardo Barbosa de Medeiros, ou mais simplesmente Chacrinha (Surubim, PE, 30\/9\/1917-Rio de Janeiro, 30\/6\/1988), para a comunica\u00e7\u00e3o de massa no Brasil. No r\u00e1dio e principalmente na televis\u00e3o, usando roupas ex\u00f3ticas e espalhafatosas, ele foi enorme sucesso de audi\u00eancia, apresentando programas de calouros (a \u201cBuzina\u201d, com a qual reprovava os calouros que desafinavam) e de cantores consagrados (a \u201cDiscoteca\u201d). Muitos cantores que debutaram como calouros de Chacrinha despontariam mais tarde para o estrelato, entre elesRoberto Carlos, Perla, Paulo S\u00e9rgio e Raul Seixas. O \u201cvelho guerreiro\u201d, como foi carinhosamente chamado por Gilberto Gil no samba \u201cAquele abra\u00e7o\u201d, tamb\u00e9m criou frases e bord\u00f5es famosos, tais como \u201cTerezinha!\u201d (origin\u00e1rio da propaganda da \u00e1gua sanit\u00e1ria Clarinha, que fazia no r\u00e1dio), \u201cVoc\u00eas querem bacalhau?\u201d, \u201cNa TV nada se cria, tudo se copia\u201d (\u00e9 verdade&#8230;), \u201cQuem n\u00e3o se comunica se trumbica\u201d, \u201cEu vim para confundir e n\u00e3o para explicar\u201d, \u201cRoda, roda, roda e avisa\u201d (anunciando o intervalo comercial), \u201cComo vai, vai bem? Veio a p\u00e9 ou veio de trem?\u201d \u201cVai para o trono ou n\u00e3o vai?\u201d, etc. Al\u00e9m disso, anualmente lan\u00e7ava marchinhas de carnaval que ca\u00edam na boca do povo. Quem n\u00e3o se lembra, por exemplo, de \u201cVoc\u00ea gosta da lourinha?\u201d, \u201cMaria Sapat\u00e3o\u201d, \u201cLeva eu, painho\u201d, \u201cMarcha da camisinha\u201d e tantas outras? Al\u00e9m dos jurados que avaliavam os calouros, tais como Elke Maravilha, Pedro de Lara, Edson Santana, Aracy de Almeida, Carlos Imperial e o travesti Rog\u00e9ria, outro elemento que contribu\u00eda para o sucesso de Chacrinha na televis\u00e3o eram as \u201cchacretes\u201d, dan\u00e7arinas profissionais de palco que faziam coreografias para acompanhar as m\u00fasicas e animar a atra\u00e7\u00e3o. No in\u00edcio, eram conhecidas como \u201cvitaminas do Chacrinha\u201d, e em 1970 passaram a ser denominadas chacretes. Algumas das mais famosas foram Rita Cadillac, Fernanda Terremoto, Suely Pingo de Ouro, \u00cdndia Amazonense e F\u00e1tima Boa Viagem. E \u00e9 justamente com o inesquec\u00edvel \u201cvelho guerreiro\u201d e suas endiabradas chacretes o \u00e1lbum que o TM oferece hoje a seus amigos cultos e ocultos. \u00a0\u00c9 \u201cChacrinha &amp;chacretes cantam para todas as festas\u201d, lan\u00e7ado pela Som Livre em 1985, \u00e9poca em que ele apresentava o \u201cCassino do Chacrinha\u201d, na Globo. Com dire\u00e7\u00e3o de produ\u00e7\u00e3o de Pedrinho da Luz, que tamb\u00e9m participa como arranjador, regente e t\u00e9cnico de mixagem, \u00e9 um \u00e1lbum cheio de alegria e alto astral, feito para animar as mais diversas festividades. Para as festas juninas, por exemplo, h\u00e1 uma quadrilha marcada (a contracapa do disco reproduz seu roteiro). H\u00e1 tamb\u00e9m um pot-pourri carnavalesco (do qual a \u201cMaria Sapat\u00e3o\u201d faz parte), m\u00fasicas para o Natal (o cl\u00e1ssico \u201cJingle bells\u2019), e anivers\u00e1rios, inclusive para o p\u00fablico infantil. Em suma, um disco bem animado, \u201cpra cima\u201d, que o TM hoje nos oferece, como recorda\u00e7\u00e3o e justa homenagem a este grande comunicador que foi Abelardo \u201cChacrinha\u201d Barbosa!<\/p>\n<div style=\"text-align: center;\">o bate-bola<\/div>\n<div style=\"text-align: center;\">nosso her\u00f3i<\/div>\n<div style=\"text-align: center;\">miau miau<\/div>\n<div style=\"text-align: center;\">t\u00e1 com medo tabar\u00e9u<\/div>\n<div style=\"text-align: center;\">mam\u00e3e um sonho no s\u00edtio<\/div>\n<div style=\"text-align: center;\">brincando de roda<\/div>\n<div style=\"text-align: center;\">tem sanfona no sal\u00e3o<\/div>\n<div style=\"text-align: center;\">o som do chacrinha abelardo barbosa<\/div>\n<div style=\"text-align: center;\">jingle bell<\/div>\n<div style=\"text-align: center;\">rock do ratinho<\/div>\n<p>.<\/p>\n<p>*Texto de Samuel Machado Filho<\/p>\n","protected":false},"excerpt":{"rendered":"<p>\u00c9 incontest\u00e1vel a import\u00e2ncia de Jos\u00e9 Abelardo Barbosa de Medeiros, ou mais simplesmente Chacrinha (Surubim, PE, 30\/9\/1917-Rio de Janeiro, 30\/6\/1988), para a comunica\u00e7\u00e3o de massa no Brasil. No r\u00e1dio e principalmente na televis\u00e3o, usando roupas ex\u00f3ticas e espalhafatosas, ele foi &hellip; <a href=\"https:\/\/www.toque-musicall.com\/?p=6516\">Continue lendo <span class=\"meta-nav\">&rarr;<\/span><\/a><\/p>\n","protected":false},"author":1,"featured_media":0,"comment_status":"open","ping_status":"closed","sticky":false,"template":"","format":"standard","meta":{"footnotes":""},"categories":[1519,982,66],"tags":[],"class_list":["post-6516","post","type-post","status-publish","format-standard","hentry","category-chacrinha","category-infantil","category-selo-som-livre"],"_links":{"self":[{"href":"https:\/\/www.toque-musicall.com\/index.php?rest_route=\/wp\/v2\/posts\/6516","targetHints":{"allow":["GET"]}}],"collection":[{"href":"https:\/\/www.toque-musicall.com\/index.php?rest_route=\/wp\/v2\/posts"}],"about":[{"href":"https:\/\/www.toque-musicall.com\/index.php?rest_route=\/wp\/v2\/types\/post"}],"author":[{"embeddable":true,"href":"https:\/\/www.toque-musicall.com\/index.php?rest_route=\/wp\/v2\/users\/1"}],"replies":[{"embeddable":true,"href":"https:\/\/www.toque-musicall.com\/index.php?rest_route=%2Fwp%2Fv2%2Fcomments&post=6516"}],"version-history":[{"count":2,"href":"https:\/\/www.toque-musicall.com\/index.php?rest_route=\/wp\/v2\/posts\/6516\/revisions"}],"predecessor-version":[{"id":6518,"href":"https:\/\/www.toque-musicall.com\/index.php?rest_route=\/wp\/v2\/posts\/6516\/revisions\/6518"}],"wp:attachment":[{"href":"https:\/\/www.toque-musicall.com\/index.php?rest_route=%2Fwp%2Fv2%2Fmedia&parent=6516"}],"wp:term":[{"taxonomy":"category","embeddable":true,"href":"https:\/\/www.toque-musicall.com\/index.php?rest_route=%2Fwp%2Fv2%2Fcategories&post=6516"},{"taxonomy":"post_tag","embeddable":true,"href":"https:\/\/www.toque-musicall.com\/index.php?rest_route=%2Fwp%2Fv2%2Ftags&post=6516"}],"curies":[{"name":"wp","href":"https:\/\/api.w.org\/{rel}","templated":true}]}}